{"id":2469,"date":"2026-02-20T15:57:03","date_gmt":"2026-02-20T14:57:03","guid":{"rendered":"https:\/\/www.fundacio-stampfli.org\/farewell-to-peter-stampfli-a-goodbye-that-magnifies-his-legacy\/"},"modified":"2026-03-26T14:04:08","modified_gmt":"2026-03-26T13:04:08","slug":"farewell-to-peter-stampfli-a-goodbye-that-magnifies-his-legacy","status":"publish","type":"post","link":"https:\/\/www.fundacio-stampfli.org\/en\/farewell-to-peter-stampfli-a-goodbye-that-magnifies-his-legacy\/","title":{"rendered":"Farewell to Peter St\u00e4mpfli: a goodbye that magnifies his legacy"},"content":{"rendered":"\n<p>The St\u00e4mpfli Foundation \u2013 Contemporary Art announces with deep sorrow the passing of the artist Peter St\u00e4mpfli, which occurred this past Thursday, 19 February, at the age of 88, due to age-related health complications that had worsened over recent weeks. Born on 3 July 1937 in Deisswil bei M\u00fcnchenbuchsee (Switzerland), he leaves behind an artistic and human legacy of exceptional magnitude. <\/p>\n\n<p>Peter and Anna Maria St\u00e4mpfli\u2019s relationship with Sitges began in 1970, when they acquired an old fishermen\u2019s house on the emblematic Carrer d\u2019en Bosc. Alerted by the risk of disappearance of some of its historic buildings, they progressively acquired three adjacent properties that became their regular residence, which they alternated with stays in Paris and Bern. In all cases, they maintained the utmost respect for heritage: they preserved the diaphragm arches, removed recently added partitions, and highlighted a 14th-century stretch of wall that had been integrated into one of the houses. In 1977, coinciding with the discovery of the wall, they organised the first of their popular Carrer d\u2019en Bosc Festivals, during which the restored section of the wall was publicly presented and the Catalan flag was raised.   <\/p>\n\n<p>Over the years, the St\u00e4mpfli couple also integrated the former house of Can Mec, which became the St\u00e4mpfli Cultural Space, donated to the Grup d\u2019Estudis Sitgetans. Later, they did the same with Can Serramalera, a key element in the future project of a foundation dedicated to contemporary art. <\/p>\n\n<p>The St\u00e4mpfli \u2013 Contemporary Art Foundation opened its doors in 2011 in the building of the former Mercat del Peix, with a surface area of 940 square metres and an initial collection of 81 works donated by 65 artists of 20 nationalities. It is a unique collection in Catalonia, formed by creators who developed their careers in Paris during the 1960s and 70s, in a context of profound artistic and social renewal. Many of them were also close friends of St\u00e4mpfli. Its creation and consolidation have reinforced Sitges\u2019 artistic leadership, which had historically stood out in Romanticism, Modernism and Noucentisme.   <\/p>\n\n<p>Internationally recognised \u2013especially in countries such as France, Switzerland, Belgium and the United States\u2013 St\u00e4mpfli\u2019s work is present in major public and private collections across Europe, the United States, Japan and South Korea. He held around sixty solo exhibitions \u2013including at the Centre Pompidou and at the Galerie Nationale du Jeu de Paume in Paris\u2013 and more than 230 group exhibitions.  <\/p>\n\n<p>The Foundation\u2019s permanent exhibition presents his three major creative periods: the first, from 1963 to 1970, devoted to pop art and figuration; the second, from 1970 to 1990, marked by his iconic raised tyre imprint; and the third, from 1990 to 2003, more abstract and chromatic. The Foundation has also offered annual temporary exhibitions. The most recent one also consisted of a triple exhibition in which Peter St\u00e4mpfli was present: on one hand, with other major artists of Parisian Narrative Figuration; on another, with new variations of his tyre imprint; and finally, with a selection of previously unseen gouaches from his youth.  <\/p>\n\n<p>Peter St\u00e4mpfli was named Honorary Citizen of Sitges in 2004. From the moment he arrived, he integrated fully into the daily life and traditions of the town, while also participating actively in various cultural initiatives. His attachment to Catalan society was also expressed through the defence of the language and culture of the country. Establishing this contemporary art museum in Sitges and Catalonia was part of his commitment to the place he already felt was home.   <\/p>\n\n<p>The St\u00e4mpfli Foundation \u2013 Contemporary Art expresses its deepest condolences and thanks for the great outpouring of affection received. The artistic, social and human legacy of Peter St\u00e4mpfli will remain alive in Sitges, in Catalonia, and throughout the world. <\/p>\n\n<h3 class=\"wp-block-heading\"><a href=\"https:\/\/www.instagram.com\/p\/DU-0BUSjGsq\/?img_index=1\" type=\"link\" id=\"https:\/\/www.instagram.com\/p\/DU-0BUSjGsq\/?img_index=1\" target=\"_blank\" rel=\"noreferrer noopener\">Leave a farewell message on social media<\/a><\/h3>\n","protected":false},"excerpt":{"rendered":"<p>The St\u00e4mpfli Foundation \u2013 Contemporary Art announces with deep sorrow the passing of the artist Peter St\u00e4mpfli, which occurred this past Thursday, 19 February, at the age of 88, due to age-related health complications that had worsened over recent weeks. Born on 3 July 1937 in Deisswil bei M\u00fcnchenbuchsee (Switzerland), he leaves behind an artistic&#8230;<\/p>\n","protected":false},"author":3,"featured_media":2468,"comment_status":"open","ping_status":"closed","sticky":false,"template":"","format":"standard","meta":{"_acf_changed":false,"inline_featured_image":false,"_kad_blocks_custom_css":"","_kad_blocks_head_custom_js":"","_kad_blocks_body_custom_js":"","_kad_blocks_footer_custom_js":"","_kad_post_transparent":"","_kad_post_title":"","_kad_post_layout":"","_kad_post_sidebar_id":"","_kad_post_content_style":"","_kad_post_vertical_padding":"","_kad_post_feature":"","_kad_post_feature_position":"","_kad_post_header":false,"_kad_post_footer":false,"_kad_post_classname":"","footnotes":""},"categories":[14],"tags":[],"class_list":["post-2469","post","type-post","status-publish","format-standard","has-post-thumbnail","hentry","category-news"],"acf":[],"yoast_head":"<!-- This site is optimized with the Yoast SEO plugin v26.8 - https:\/\/yoast.com\/product\/yoast-seo-wordpress\/ -->\n<title>Farewell to Peter St\u00e4mpfli: a goodbye that magnifies his legacy - Fundaci\u00f3 St\u00e4mpfli<\/title>\n<meta name=\"robots\" content=\"index, follow, max-snippet:-1, max-image-preview:large, max-video-preview:-1\" \/>\n<link rel=\"canonical\" href=\"https:\/\/www.fundacio-stampfli.org\/en\/farewell-to-peter-stampfli-a-goodbye-that-magnifies-his-legacy\/\" \/>\n<meta property=\"og:locale\" content=\"en_US\" \/>\n<meta property=\"og:type\" content=\"article\" \/>\n<meta property=\"og:title\" content=\"Farewell to Peter St\u00e4mpfli: a goodbye that magnifies his legacy - Fundaci\u00f3 St\u00e4mpfli\" \/>\n<meta property=\"og:description\" content=\"The St\u00e4mpfli Foundation \u2013 Contemporary Art announces with deep sorrow the passing of the artist Peter St\u00e4mpfli, which occurred this past Thursday, 19 February, at the age of 88, due to age-related health complications that had worsened over recent weeks. Born on 3 July 1937 in Deisswil bei M\u00fcnchenbuchsee (Switzerland), he leaves behind an artistic...\" \/>\n<meta property=\"og:url\" content=\"https:\/\/www.fundacio-stampfli.org\/en\/farewell-to-peter-stampfli-a-goodbye-that-magnifies-his-legacy\/\" \/>\n<meta property=\"og:site_name\" content=\"Fundaci\u00f3 St\u00e4mpfli\" \/>\n<meta property=\"article:published_time\" content=\"2026-02-20T14:57:03+00:00\" \/>\n<meta property=\"article:modified_time\" content=\"2026-03-26T13:04:08+00:00\" \/>\n<meta property=\"og:image\" content=\"https:\/\/www.fundacio-stampfli.org\/wp-content\/uploads\/2026\/02\/780_0008_6432768_feacc0f9fefae9dc605152440f30b680.webp\" \/>\n\t<meta property=\"og:image:width\" content=\"800\" \/>\n\t<meta property=\"og:image:height\" content=\"865\" \/>\n\t<meta property=\"og:image:type\" content=\"image\/webp\" \/>\n<meta name=\"author\" content=\"tresquatretres\" \/>\n<meta name=\"twitter:card\" content=\"summary_large_image\" \/>\n<meta name=\"twitter:label1\" content=\"Written by\" \/>\n\t<meta name=\"twitter:data1\" content=\"tresquatretres\" \/>\n\t<meta name=\"twitter:label2\" content=\"Est. reading time\" \/>\n\t<meta name=\"twitter:data2\" content=\"3 minutes\" \/>\n<script type=\"application\/ld+json\" class=\"yoast-schema-graph\">{\"@context\":\"https:\/\/schema.org\",\"@graph\":[{\"@type\":\"Article\",\"@id\":\"https:\/\/www.fundacio-stampfli.org\/en\/farewell-to-peter-stampfli-a-goodbye-that-magnifies-his-legacy\/#article\",\"isPartOf\":{\"@id\":\"https:\/\/www.fundacio-stampfli.org\/en\/farewell-to-peter-stampfli-a-goodbye-that-magnifies-his-legacy\/\"},\"author\":{\"name\":\"tresquatretres\",\"@id\":\"https:\/\/www.fundacio-stampfli.org\/en\/#\/schema\/person\/6e07afa5b6c3c18af6be8b697965053a\"},\"headline\":\"Farewell to Peter St\u00e4mpfli: a goodbye that magnifies his legacy\",\"datePublished\":\"2026-02-20T14:57:03+00:00\",\"dateModified\":\"2026-03-26T13:04:08+00:00\",\"mainEntityOfPage\":{\"@id\":\"https:\/\/www.fundacio-stampfli.org\/en\/farewell-to-peter-stampfli-a-goodbye-that-magnifies-his-legacy\/\"},\"wordCount\":631,\"commentCount\":0,\"publisher\":{\"@id\":\"https:\/\/www.fundacio-stampfli.org\/en\/#organization\"},\"image\":{\"@id\":\"https:\/\/www.fundacio-stampfli.org\/en\/farewell-to-peter-stampfli-a-goodbye-that-magnifies-his-legacy\/#primaryimage\"},\"thumbnailUrl\":\"https:\/\/www.fundacio-stampfli.org\/wp-content\/uploads\/2026\/02\/780_0008_6432768_feacc0f9fefae9dc605152440f30b680.webp\",\"articleSection\":[\"News\"],\"inLanguage\":\"en-US\",\"potentialAction\":[{\"@type\":\"CommentAction\",\"name\":\"Comment\",\"target\":[\"https:\/\/www.fundacio-stampfli.org\/en\/farewell-to-peter-stampfli-a-goodbye-that-magnifies-his-legacy\/#respond\"]}]},{\"@type\":\"WebPage\",\"@id\":\"https:\/\/www.fundacio-stampfli.org\/en\/farewell-to-peter-stampfli-a-goodbye-that-magnifies-his-legacy\/\",\"url\":\"https:\/\/www.fundacio-stampfli.org\/en\/farewell-to-peter-stampfli-a-goodbye-that-magnifies-his-legacy\/\",\"name\":\"Farewell to Peter St\u00e4mpfli: a goodbye that magnifies his legacy - Fundaci\u00f3 St\u00e4mpfli\",\"isPartOf\":{\"@id\":\"https:\/\/www.fundacio-stampfli.org\/en\/#website\"},\"primaryImageOfPage\":{\"@id\":\"https:\/\/www.fundacio-stampfli.org\/en\/farewell-to-peter-stampfli-a-goodbye-that-magnifies-his-legacy\/#primaryimage\"},\"image\":{\"@id\":\"https:\/\/www.fundacio-stampfli.org\/en\/farewell-to-peter-stampfli-a-goodbye-that-magnifies-his-legacy\/#primaryimage\"},\"thumbnailUrl\":\"https:\/\/www.fundacio-stampfli.org\/wp-content\/uploads\/2026\/02\/780_0008_6432768_feacc0f9fefae9dc605152440f30b680.webp\",\"datePublished\":\"2026-02-20T14:57:03+00:00\",\"dateModified\":\"2026-03-26T13:04:08+00:00\",\"breadcrumb\":{\"@id\":\"https:\/\/www.fundacio-stampfli.org\/en\/farewell-to-peter-stampfli-a-goodbye-that-magnifies-his-legacy\/#breadcrumb\"},\"inLanguage\":\"en-US\",\"potentialAction\":[{\"@type\":\"ReadAction\",\"target\":[\"https:\/\/www.fundacio-stampfli.org\/en\/farewell-to-peter-stampfli-a-goodbye-that-magnifies-his-legacy\/\"]}]},{\"@type\":\"ImageObject\",\"inLanguage\":\"en-US\",\"@id\":\"https:\/\/www.fundacio-stampfli.org\/en\/farewell-to-peter-stampfli-a-goodbye-that-magnifies-his-legacy\/#primaryimage\",\"url\":\"https:\/\/www.fundacio-stampfli.org\/wp-content\/uploads\/2026\/02\/780_0008_6432768_feacc0f9fefae9dc605152440f30b680.webp\",\"contentUrl\":\"https:\/\/www.fundacio-stampfli.org\/wp-content\/uploads\/2026\/02\/780_0008_6432768_feacc0f9fefae9dc605152440f30b680.webp\",\"width\":800,\"height\":865},{\"@type\":\"BreadcrumbList\",\"@id\":\"https:\/\/www.fundacio-stampfli.org\/en\/farewell-to-peter-stampfli-a-goodbye-that-magnifies-his-legacy\/#breadcrumb\",\"itemListElement\":[{\"@type\":\"ListItem\",\"position\":1,\"name\":\"Inici\",\"item\":\"https:\/\/www.fundacio-stampfli.org\/en\/\"},{\"@type\":\"ListItem\",\"position\":2,\"name\":\"Farewell to Peter St\u00e4mpfli: a goodbye that magnifies his legacy\"}]},{\"@type\":\"WebSite\",\"@id\":\"https:\/\/www.fundacio-stampfli.org\/en\/#website\",\"url\":\"https:\/\/www.fundacio-stampfli.org\/en\/\",\"name\":\"Fundaci\u00f3 St\u00e4mpfli\",\"description\":\"\",\"publisher\":{\"@id\":\"https:\/\/www.fundacio-stampfli.org\/en\/#organization\"},\"potentialAction\":[{\"@type\":\"SearchAction\",\"target\":{\"@type\":\"EntryPoint\",\"urlTemplate\":\"https:\/\/www.fundacio-stampfli.org\/en\/?s={search_term_string}\"},\"query-input\":{\"@type\":\"PropertyValueSpecification\",\"valueRequired\":true,\"valueName\":\"search_term_string\"}}],\"inLanguage\":\"en-US\"},{\"@type\":\"Organization\",\"@id\":\"https:\/\/www.fundacio-stampfli.org\/en\/#organization\",\"name\":\"Fundaci\u00f3 St\u00e4mpfli\",\"url\":\"https:\/\/www.fundacio-stampfli.org\/en\/\",\"logo\":{\"@type\":\"ImageObject\",\"inLanguage\":\"en-US\",\"@id\":\"https:\/\/www.fundacio-stampfli.org\/en\/#\/schema\/logo\/image\/\",\"url\":\"https:\/\/www.fundacio-stampfli.org\/wp-content\/uploads\/2025\/07\/logo_fondo.svg\",\"contentUrl\":\"https:\/\/www.fundacio-stampfli.org\/wp-content\/uploads\/2025\/07\/logo_fondo.svg\",\"width\":100,\"height\":100,\"caption\":\"Fundaci\u00f3 St\u00e4mpfli\"},\"image\":{\"@id\":\"https:\/\/www.fundacio-stampfli.org\/en\/#\/schema\/logo\/image\/\"}},{\"@type\":\"Person\",\"@id\":\"https:\/\/www.fundacio-stampfli.org\/en\/#\/schema\/person\/6e07afa5b6c3c18af6be8b697965053a\",\"name\":\"tresquatretres\",\"image\":{\"@type\":\"ImageObject\",\"inLanguage\":\"en-US\",\"@id\":\"https:\/\/www.fundacio-stampfli.org\/en\/#\/schema\/person\/image\/\",\"url\":\"https:\/\/secure.gravatar.com\/avatar\/d51d267985a1c7a6769ecf6e7b1beb74ff442f742dc982d57a2c8bd2d87d3147?s=96&d=mm&r=g\",\"contentUrl\":\"https:\/\/secure.gravatar.com\/avatar\/d51d267985a1c7a6769ecf6e7b1beb74ff442f742dc982d57a2c8bd2d87d3147?s=96&d=mm&r=g\",\"caption\":\"tresquatretres\"},\"url\":\"https:\/\/www.fundacio-stampfli.org\/en\/author\/tresquatretres\/\"}]}<\/script>\n<!-- \/ Yoast SEO plugin. -->","yoast_head_json":{"title":"Farewell to Peter St\u00e4mpfli: a goodbye that magnifies his legacy - Fundaci\u00f3 St\u00e4mpfli","robots":{"index":"index","follow":"follow","max-snippet":"max-snippet:-1","max-image-preview":"max-image-preview:large","max-video-preview":"max-video-preview:-1"},"canonical":"https:\/\/www.fundacio-stampfli.org\/en\/farewell-to-peter-stampfli-a-goodbye-that-magnifies-his-legacy\/","og_locale":"en_US","og_type":"article","og_title":"Farewell to Peter St\u00e4mpfli: a goodbye that magnifies his legacy - Fundaci\u00f3 St\u00e4mpfli","og_description":"The St\u00e4mpfli Foundation \u2013 Contemporary Art announces with deep sorrow the passing of the artist Peter St\u00e4mpfli, which occurred this past Thursday, 19 February, at the age of 88, due to age-related health complications that had worsened over recent weeks. Born on 3 July 1937 in Deisswil bei M\u00fcnchenbuchsee (Switzerland), he leaves behind an artistic...","og_url":"https:\/\/www.fundacio-stampfli.org\/en\/farewell-to-peter-stampfli-a-goodbye-that-magnifies-his-legacy\/","og_site_name":"Fundaci\u00f3 St\u00e4mpfli","article_published_time":"2026-02-20T14:57:03+00:00","article_modified_time":"2026-03-26T13:04:08+00:00","og_image":[{"width":800,"height":865,"url":"https:\/\/www.fundacio-stampfli.org\/wp-content\/uploads\/2026\/02\/780_0008_6432768_feacc0f9fefae9dc605152440f30b680.webp","type":"image\/webp"}],"author":"tresquatretres","twitter_card":"summary_large_image","twitter_misc":{"Written by":"tresquatretres","Est. reading time":"3 minutes"},"schema":{"@context":"https:\/\/schema.org","@graph":[{"@type":"Article","@id":"https:\/\/www.fundacio-stampfli.org\/en\/farewell-to-peter-stampfli-a-goodbye-that-magnifies-his-legacy\/#article","isPartOf":{"@id":"https:\/\/www.fundacio-stampfli.org\/en\/farewell-to-peter-stampfli-a-goodbye-that-magnifies-his-legacy\/"},"author":{"name":"tresquatretres","@id":"https:\/\/www.fundacio-stampfli.org\/en\/#\/schema\/person\/6e07afa5b6c3c18af6be8b697965053a"},"headline":"Farewell to Peter St\u00e4mpfli: a goodbye that magnifies his legacy","datePublished":"2026-02-20T14:57:03+00:00","dateModified":"2026-03-26T13:04:08+00:00","mainEntityOfPage":{"@id":"https:\/\/www.fundacio-stampfli.org\/en\/farewell-to-peter-stampfli-a-goodbye-that-magnifies-his-legacy\/"},"wordCount":631,"commentCount":0,"publisher":{"@id":"https:\/\/www.fundacio-stampfli.org\/en\/#organization"},"image":{"@id":"https:\/\/www.fundacio-stampfli.org\/en\/farewell-to-peter-stampfli-a-goodbye-that-magnifies-his-legacy\/#primaryimage"},"thumbnailUrl":"https:\/\/www.fundacio-stampfli.org\/wp-content\/uploads\/2026\/02\/780_0008_6432768_feacc0f9fefae9dc605152440f30b680.webp","articleSection":["News"],"inLanguage":"en-US","potentialAction":[{"@type":"CommentAction","name":"Comment","target":["https:\/\/www.fundacio-stampfli.org\/en\/farewell-to-peter-stampfli-a-goodbye-that-magnifies-his-legacy\/#respond"]}]},{"@type":"WebPage","@id":"https:\/\/www.fundacio-stampfli.org\/en\/farewell-to-peter-stampfli-a-goodbye-that-magnifies-his-legacy\/","url":"https:\/\/www.fundacio-stampfli.org\/en\/farewell-to-peter-stampfli-a-goodbye-that-magnifies-his-legacy\/","name":"Farewell to Peter St\u00e4mpfli: a goodbye that magnifies his legacy - Fundaci\u00f3 St\u00e4mpfli","isPartOf":{"@id":"https:\/\/www.fundacio-stampfli.org\/en\/#website"},"primaryImageOfPage":{"@id":"https:\/\/www.fundacio-stampfli.org\/en\/farewell-to-peter-stampfli-a-goodbye-that-magnifies-his-legacy\/#primaryimage"},"image":{"@id":"https:\/\/www.fundacio-stampfli.org\/en\/farewell-to-peter-stampfli-a-goodbye-that-magnifies-his-legacy\/#primaryimage"},"thumbnailUrl":"https:\/\/www.fundacio-stampfli.org\/wp-content\/uploads\/2026\/02\/780_0008_6432768_feacc0f9fefae9dc605152440f30b680.webp","datePublished":"2026-02-20T14:57:03+00:00","dateModified":"2026-03-26T13:04:08+00:00","breadcrumb":{"@id":"https:\/\/www.fundacio-stampfli.org\/en\/farewell-to-peter-stampfli-a-goodbye-that-magnifies-his-legacy\/#breadcrumb"},"inLanguage":"en-US","potentialAction":[{"@type":"ReadAction","target":["https:\/\/www.fundacio-stampfli.org\/en\/farewell-to-peter-stampfli-a-goodbye-that-magnifies-his-legacy\/"]}]},{"@type":"ImageObject","inLanguage":"en-US","@id":"https:\/\/www.fundacio-stampfli.org\/en\/farewell-to-peter-stampfli-a-goodbye-that-magnifies-his-legacy\/#primaryimage","url":"https:\/\/www.fundacio-stampfli.org\/wp-content\/uploads\/2026\/02\/780_0008_6432768_feacc0f9fefae9dc605152440f30b680.webp","contentUrl":"https:\/\/www.fundacio-stampfli.org\/wp-content\/uploads\/2026\/02\/780_0008_6432768_feacc0f9fefae9dc605152440f30b680.webp","width":800,"height":865},{"@type":"BreadcrumbList","@id":"https:\/\/www.fundacio-stampfli.org\/en\/farewell-to-peter-stampfli-a-goodbye-that-magnifies-his-legacy\/#breadcrumb","itemListElement":[{"@type":"ListItem","position":1,"name":"Inici","item":"https:\/\/www.fundacio-stampfli.org\/en\/"},{"@type":"ListItem","position":2,"name":"Farewell to Peter St\u00e4mpfli: a goodbye that magnifies his legacy"}]},{"@type":"WebSite","@id":"https:\/\/www.fundacio-stampfli.org\/en\/#website","url":"https:\/\/www.fundacio-stampfli.org\/en\/","name":"Fundaci\u00f3 St\u00e4mpfli","description":"","publisher":{"@id":"https:\/\/www.fundacio-stampfli.org\/en\/#organization"},"potentialAction":[{"@type":"SearchAction","target":{"@type":"EntryPoint","urlTemplate":"https:\/\/www.fundacio-stampfli.org\/en\/?s={search_term_string}"},"query-input":{"@type":"PropertyValueSpecification","valueRequired":true,"valueName":"search_term_string"}}],"inLanguage":"en-US"},{"@type":"Organization","@id":"https:\/\/www.fundacio-stampfli.org\/en\/#organization","name":"Fundaci\u00f3 St\u00e4mpfli","url":"https:\/\/www.fundacio-stampfli.org\/en\/","logo":{"@type":"ImageObject","inLanguage":"en-US","@id":"https:\/\/www.fundacio-stampfli.org\/en\/#\/schema\/logo\/image\/","url":"https:\/\/www.fundacio-stampfli.org\/wp-content\/uploads\/2025\/07\/logo_fondo.svg","contentUrl":"https:\/\/www.fundacio-stampfli.org\/wp-content\/uploads\/2025\/07\/logo_fondo.svg","width":100,"height":100,"caption":"Fundaci\u00f3 St\u00e4mpfli"},"image":{"@id":"https:\/\/www.fundacio-stampfli.org\/en\/#\/schema\/logo\/image\/"}},{"@type":"Person","@id":"https:\/\/www.fundacio-stampfli.org\/en\/#\/schema\/person\/6e07afa5b6c3c18af6be8b697965053a","name":"tresquatretres","image":{"@type":"ImageObject","inLanguage":"en-US","@id":"https:\/\/www.fundacio-stampfli.org\/en\/#\/schema\/person\/image\/","url":"https:\/\/secure.gravatar.com\/avatar\/d51d267985a1c7a6769ecf6e7b1beb74ff442f742dc982d57a2c8bd2d87d3147?s=96&d=mm&r=g","contentUrl":"https:\/\/secure.gravatar.com\/avatar\/d51d267985a1c7a6769ecf6e7b1beb74ff442f742dc982d57a2c8bd2d87d3147?s=96&d=mm&r=g","caption":"tresquatretres"},"url":"https:\/\/www.fundacio-stampfli.org\/en\/author\/tresquatretres\/"}]}},"taxonomy_info":{"category":[{"value":14,"label":"News"}]},"featured_image_src_large":["https:\/\/www.fundacio-stampfli.org\/wp-content\/uploads\/2026\/02\/780_0008_6432768_feacc0f9fefae9dc605152440f30b680.webp",800,865,false],"author_info":{"display_name":"tresquatretres","author_link":"https:\/\/www.fundacio-stampfli.org\/en\/author\/tresquatretres\/"},"comment_info":0,"category_info":[{"term_id":14,"name":"News","slug":"news","term_group":0,"term_taxonomy_id":14,"taxonomy":"category","description":"","parent":0,"count":9,"filter":"raw","cat_ID":14,"category_count":9,"category_description":"","cat_name":"News","category_nicename":"news","category_parent":0}],"tag_info":false,"_links":{"self":[{"href":"https:\/\/www.fundacio-stampfli.org\/en\/wp-json\/wp\/v2\/posts\/2469","targetHints":{"allow":["GET"]}}],"collection":[{"href":"https:\/\/www.fundacio-stampfli.org\/en\/wp-json\/wp\/v2\/posts"}],"about":[{"href":"https:\/\/www.fundacio-stampfli.org\/en\/wp-json\/wp\/v2\/types\/post"}],"author":[{"embeddable":true,"href":"https:\/\/www.fundacio-stampfli.org\/en\/wp-json\/wp\/v2\/users\/3"}],"replies":[{"embeddable":true,"href":"https:\/\/www.fundacio-stampfli.org\/en\/wp-json\/wp\/v2\/comments?post=2469"}],"version-history":[{"count":1,"href":"https:\/\/www.fundacio-stampfli.org\/en\/wp-json\/wp\/v2\/posts\/2469\/revisions"}],"predecessor-version":[{"id":2470,"href":"https:\/\/www.fundacio-stampfli.org\/en\/wp-json\/wp\/v2\/posts\/2469\/revisions\/2470"}],"wp:featuredmedia":[{"embeddable":true,"href":"https:\/\/www.fundacio-stampfli.org\/en\/wp-json\/wp\/v2\/media\/2468"}],"wp:attachment":[{"href":"https:\/\/www.fundacio-stampfli.org\/en\/wp-json\/wp\/v2\/media?parent=2469"}],"wp:term":[{"taxonomy":"category","embeddable":true,"href":"https:\/\/www.fundacio-stampfli.org\/en\/wp-json\/wp\/v2\/categories?post=2469"},{"taxonomy":"post_tag","embeddable":true,"href":"https:\/\/www.fundacio-stampfli.org\/en\/wp-json\/wp\/v2\/tags?post=2469"}],"curies":[{"name":"wp","href":"https:\/\/api.w.org\/{rel}","templated":true}]}}