{"id":2466,"date":"2026-02-20T15:57:03","date_gmt":"2026-02-20T14:57:03","guid":{"rendered":"https:\/\/www.fundacio-stampfli.org\/el-adios-a-peter-stampfli-una-despedida-que-agranda-su-legado\/"},"modified":"2026-03-26T14:01:29","modified_gmt":"2026-03-26T13:01:29","slug":"el-adios-a-peter-stampfli-una-despedida-que-agranda-su-legado","status":"publish","type":"post","link":"https:\/\/www.fundacio-stampfli.org\/es\/el-adios-a-peter-stampfli-una-despedida-que-agranda-su-legado\/","title":{"rendered":"El adi\u00f3s a Peter St\u00e4mpfli: una despedida que agranda su legado"},"content":{"rendered":"\n<p class=\"wp-block-paragraph\">La Fundaci\u00f3n St\u00e4mpfli \u2013 Art Contemporani comunica con profunda tristeza la muerte del artista Peter St\u00e4mpfli, sucedida este pasado jueves, 19 de febrero, a los 88 a\u00f1os, debido a complicaciones de salud propias de la edad, que se hab\u00edan agravado durante las \u00faltimas semanas. Nacido el 3 de julio de 1937 en Deisswil bei M\u00fcnchenbuchsee (Suiza), deja un legado art\u00edstico y humano de una dimensi\u00f3n excepcional. <\/p>\n\n<p class=\"wp-block-paragraph\">La relaci\u00f3n de Peter y Anna Maria St\u00e4mpfli con Sitges comienza en 1970, cuando adquirieron una antigua casa de pescadores en la emblem\u00e1tica calle de Bosc. Alertados del riesgo de desaparici\u00f3n de algunos de sus edificios hist\u00f3ricos, adquirieron progresivamente tres fincas adyacentes que se convirtieron en su residencia habitual, que combinaban con sus estancias en Par\u00eds y Berna. En todos los casos mantuvieron un criterio de m\u00e1ximo respeto patrimonial: conservaron los arcos de diafragma, eliminaron tabiques y a\u00f1adidos recientes y pusieron en valor un fragmento de muralla del siglo XIV que se hallaba integrado en una de las casas. Precisamente, en 1977, coincidiendo con el hallazgo de la muralla, organizaron la primera de sus populares Fiestas de la Calle d&#8217;en Bosc, durante la cual se present\u00f3 p\u00fablicamente el fragmento de muralla restaurado y se iz\u00f3 la bandera de Catalu\u00f1a.   <\/p>\n\n<p class=\"wp-block-paragraph\">Con los a\u00f1os, el matrimonio St\u00e4mpfli integr\u00f3 tambi\u00e9n la antigua casa de Can Mec, que se convirti\u00f3 en el Espacio Cultural St\u00e4mpfli, cedido al Grupo de Estudios Sitgetans. Y, posteriormente, hizo lo propio con Can Serramalera, pieza clave en el futuro proyecto de una fundaci\u00f3n dedicada al arte contempor\u00e1neo. <\/p>\n\n<p class=\"wp-block-paragraph\">La Fundaci\u00f3n St\u00e4mpfli-Art Contemporani abri\u00f3 sus puertas en 2011 en el edificio del antiguo Mercat del Peix, con una superficie de 940 metros cuadrados y una colecci\u00f3n inicial de 81 obras dadas por 65 artistas de 20 nacionalidades. Se trata de una colecci\u00f3n \u00fanica en Catalu\u00f1a, formada por creadores que desarrollaron su carrera en Par\u00eds durante las d\u00e9cadas de los 60 y 70 del pasado siglo, en un contexto de profunda renovaci\u00f3n art\u00edstica y social. Muchos de ellos, adem\u00e1s, unidos a St\u00e4mpfli por estrechas relaciones de amistad. Su creaci\u00f3n y consolidaci\u00f3n han reforzado la capitalidad art\u00edstica de Sitges, que hist\u00f3ricamente hab\u00eda destacado en el Romanticismo, el Modernismo y el Novecentismo.   <\/p>\n\n<p class=\"wp-block-paragraph\">Reconocido internacionalmente \u2013especialmente, en pa\u00edses como Francia, Suiza, B\u00e9lgica y Estados Unidos\u2013, la obra de St\u00e4mpfli est\u00e1 presente en importantes colecciones p\u00fablicas y privadas de Europa, Estados Unidos, Jap\u00f3n y Corea del Sur. Protagoniz\u00f3 unas sesenta exposiciones individuales \u2013entre ellas, en el Centro Pompidou y en la Galer\u00eda Nationale du Jeu de Paume de Par\u00eds\u2013 y m\u00e1s de 230 colectivas.   <\/p>\n\n<p class=\"wp-block-paragraph\">La exposici\u00f3n permanente de la Fundaci\u00f3n recoge sus tres grandes etapas creativas: una primera, de 1963-1970, dedicada al pop-art ya la figuraci\u00f3n; una segunda, de 1970 a 1990, marcada por su ic\u00f3nica huella en relieve de neum\u00e1tico; y una tercera, de 1990 a 2003, m\u00e1s abstracta y crom\u00e1tica. La fundaci\u00f3n tambi\u00e9n ha ofrecido exposiciones temporales de car\u00e1cter anual. \u00c9sta \u00faltima, justamente, tambi\u00e9n estaba formada por una triple exposici\u00f3n en la que Peter St\u00e4mpfli ten\u00eda presencia: por un lado, con otros artistas destacados de la Figuraci\u00f3n Narrativa parisina; por otro, con nuevas formas de su huella de neum\u00e1tico; y, finalmente, con una selecci\u00f3n de guaches in\u00e9ditos de su juventud.  <\/p>\n\n<p class=\"wp-block-paragraph\">Peter St\u00e4mpfli fue nombrado Hijo Adoptivo de Sitges en 2004. Desde su llegada a la villa, se integr\u00f3 enseguida en la cotidianidad y las tradiciones de la villa, adem\u00e1s de participar activamente en diversas iniciativas culturales. Su arraigo en la sociedad catalana tambi\u00e9n se manifestaba con la defensa de la lengua y la cultura propias del pa\u00eds. Dotar a Sitges y Catalunya de este museo de arte contempor\u00e1neo tambi\u00e9n formaba parte de su compromiso con el lugar que ya sent\u00eda como en su casa.   <\/p>\n\n<p class=\"wp-block-paragraph\">La Fundaci\u00f3n St\u00e4mpfli \u2013 Art Contemporani expresa su m\u00e1s profundo p\u00e9same y agradece la enorme muestra de cari\u00f1o que ha recibido. El legado de Peter St\u00e4mpfli \u2013art\u00edstico, social y humano\u2013 seguir\u00e1 vivo en Sitges, Catalu\u00f1a y en todo el mundo. <\/p>\n\n<h3 class=\"wp-block-heading\"><a href=\"https:\/\/www.instagram.com\/p\/DU-0BUSjGsq\/?img_index=1\" type=\"link\" id=\"https:\/\/www.instagram.com\/p\/DU-0BUSjGsq\/?img_index=1\" target=\"_blank\" rel=\"noreferrer noopener\">Deja un mensaje de despedida en las redes sociales<\/a><\/h3>\n","protected":false},"excerpt":{"rendered":"<p>La Fundaci\u00f3n St\u00e4mpfli \u2013 Art Contemporani comunica con profunda tristeza la muerte del artista Peter St\u00e4mpfli, sucedida este pasado jueves, 19 de febrero, a los 88 a\u00f1os, debido a complicaciones de salud propias de la edad, que se hab\u00edan agravado durante las \u00faltimas semanas. Nacido el 3 de julio de 1937 en Deisswil bei M\u00fcnchenbuchsee&#8230;<\/p>\n","protected":false},"author":3,"featured_media":2465,"comment_status":"open","ping_status":"closed","sticky":false,"template":"","format":"standard","meta":{"_acf_changed":false,"inline_featured_image":false,"_kad_blocks_custom_css":"","_kad_blocks_head_custom_js":"","_kad_blocks_body_custom_js":"","_kad_blocks_footer_custom_js":"","_kad_post_transparent":"","_kad_post_title":"","_kad_post_layout":"","_kad_post_sidebar_id":"","_kad_post_content_style":"","_kad_post_vertical_padding":"","_kad_post_feature":"","_kad_post_feature_position":"","_kad_post_header":false,"_kad_post_footer":false,"_kad_post_classname":"","footnotes":""},"categories":[13],"tags":[],"class_list":["post-2466","post","type-post","status-publish","format-standard","has-post-thumbnail","hentry","category-actualidad"],"acf":[],"yoast_head":"<!-- This site is optimized with the Yoast SEO plugin v26.8 - https:\/\/yoast.com\/product\/yoast-seo-wordpress\/ -->\n<title>El adi\u00f3s a Peter St\u00e4mpfli: una despedida que agranda su legado - Fundaci\u00f3 St\u00e4mpfli<\/title>\n<meta name=\"robots\" content=\"index, follow, max-snippet:-1, max-image-preview:large, max-video-preview:-1\" \/>\n<link rel=\"canonical\" href=\"https:\/\/www.fundacio-stampfli.org\/es\/el-adios-a-peter-stampfli-una-despedida-que-agranda-su-legado\/\" \/>\n<meta property=\"og:locale\" content=\"es_ES\" \/>\n<meta property=\"og:type\" content=\"article\" \/>\n<meta property=\"og:title\" content=\"El adi\u00f3s a Peter St\u00e4mpfli: una despedida que agranda su legado - Fundaci\u00f3 St\u00e4mpfli\" \/>\n<meta property=\"og:description\" content=\"La Fundaci\u00f3n St\u00e4mpfli \u2013 Art Contemporani comunica con profunda tristeza la muerte del artista Peter St\u00e4mpfli, sucedida este pasado jueves, 19 de febrero, a los 88 a\u00f1os, debido a complicaciones de salud propias de la edad, que se hab\u00edan agravado durante las \u00faltimas semanas. Nacido el 3 de julio de 1937 en Deisswil bei M\u00fcnchenbuchsee...\" \/>\n<meta property=\"og:url\" content=\"https:\/\/www.fundacio-stampfli.org\/es\/el-adios-a-peter-stampfli-una-despedida-que-agranda-su-legado\/\" \/>\n<meta property=\"og:site_name\" content=\"Fundaci\u00f3 St\u00e4mpfli\" \/>\n<meta property=\"article:published_time\" content=\"2026-02-20T14:57:03+00:00\" \/>\n<meta property=\"article:modified_time\" content=\"2026-03-26T13:01:29+00:00\" \/>\n<meta property=\"og:image\" content=\"https:\/\/www.fundacio-stampfli.org\/wp-content\/uploads\/2026\/02\/780_0008_6432768_feacc0f9fefae9dc605152440f30b680.webp\" \/>\n\t<meta property=\"og:image:width\" content=\"800\" \/>\n\t<meta property=\"og:image:height\" content=\"865\" \/>\n\t<meta property=\"og:image:type\" content=\"image\/webp\" \/>\n<meta name=\"author\" content=\"tresquatretres\" \/>\n<meta name=\"twitter:card\" content=\"summary_large_image\" \/>\n<meta name=\"twitter:label1\" content=\"Escrito por\" \/>\n\t<meta name=\"twitter:data1\" content=\"tresquatretres\" \/>\n\t<meta name=\"twitter:label2\" content=\"Tiempo de lectura\" \/>\n\t<meta name=\"twitter:data2\" content=\"4 minutos\" \/>\n<script type=\"application\/ld+json\" class=\"yoast-schema-graph\">{\"@context\":\"https:\/\/schema.org\",\"@graph\":[{\"@type\":\"Article\",\"@id\":\"https:\/\/www.fundacio-stampfli.org\/es\/el-adios-a-peter-stampfli-una-despedida-que-agranda-su-legado\/#article\",\"isPartOf\":{\"@id\":\"https:\/\/www.fundacio-stampfli.org\/es\/el-adios-a-peter-stampfli-una-despedida-que-agranda-su-legado\/\"},\"author\":{\"name\":\"tresquatretres\",\"@id\":\"https:\/\/www.fundacio-stampfli.org\/es\/#\/schema\/person\/6e07afa5b6c3c18af6be8b697965053a\"},\"headline\":\"El adi\u00f3s a Peter St\u00e4mpfli: una despedida que agranda su legado\",\"datePublished\":\"2026-02-20T14:57:03+00:00\",\"dateModified\":\"2026-03-26T13:01:29+00:00\",\"mainEntityOfPage\":{\"@id\":\"https:\/\/www.fundacio-stampfli.org\/es\/el-adios-a-peter-stampfli-una-despedida-que-agranda-su-legado\/\"},\"wordCount\":739,\"commentCount\":0,\"publisher\":{\"@id\":\"https:\/\/www.fundacio-stampfli.org\/es\/#organization\"},\"image\":{\"@id\":\"https:\/\/www.fundacio-stampfli.org\/es\/el-adios-a-peter-stampfli-una-despedida-que-agranda-su-legado\/#primaryimage\"},\"thumbnailUrl\":\"https:\/\/www.fundacio-stampfli.org\/wp-content\/uploads\/2026\/02\/780_0008_6432768_feacc0f9fefae9dc605152440f30b680.webp\",\"articleSection\":[\"Actualidad\"],\"inLanguage\":\"es\",\"potentialAction\":[{\"@type\":\"CommentAction\",\"name\":\"Comment\",\"target\":[\"https:\/\/www.fundacio-stampfli.org\/es\/el-adios-a-peter-stampfli-una-despedida-que-agranda-su-legado\/#respond\"]}]},{\"@type\":\"WebPage\",\"@id\":\"https:\/\/www.fundacio-stampfli.org\/es\/el-adios-a-peter-stampfli-una-despedida-que-agranda-su-legado\/\",\"url\":\"https:\/\/www.fundacio-stampfli.org\/es\/el-adios-a-peter-stampfli-una-despedida-que-agranda-su-legado\/\",\"name\":\"El adi\u00f3s a Peter St\u00e4mpfli: una despedida que agranda su legado - Fundaci\u00f3 St\u00e4mpfli\",\"isPartOf\":{\"@id\":\"https:\/\/www.fundacio-stampfli.org\/es\/#website\"},\"primaryImageOfPage\":{\"@id\":\"https:\/\/www.fundacio-stampfli.org\/es\/el-adios-a-peter-stampfli-una-despedida-que-agranda-su-legado\/#primaryimage\"},\"image\":{\"@id\":\"https:\/\/www.fundacio-stampfli.org\/es\/el-adios-a-peter-stampfli-una-despedida-que-agranda-su-legado\/#primaryimage\"},\"thumbnailUrl\":\"https:\/\/www.fundacio-stampfli.org\/wp-content\/uploads\/2026\/02\/780_0008_6432768_feacc0f9fefae9dc605152440f30b680.webp\",\"datePublished\":\"2026-02-20T14:57:03+00:00\",\"dateModified\":\"2026-03-26T13:01:29+00:00\",\"breadcrumb\":{\"@id\":\"https:\/\/www.fundacio-stampfli.org\/es\/el-adios-a-peter-stampfli-una-despedida-que-agranda-su-legado\/#breadcrumb\"},\"inLanguage\":\"es\",\"potentialAction\":[{\"@type\":\"ReadAction\",\"target\":[\"https:\/\/www.fundacio-stampfli.org\/es\/el-adios-a-peter-stampfli-una-despedida-que-agranda-su-legado\/\"]}]},{\"@type\":\"ImageObject\",\"inLanguage\":\"es\",\"@id\":\"https:\/\/www.fundacio-stampfli.org\/es\/el-adios-a-peter-stampfli-una-despedida-que-agranda-su-legado\/#primaryimage\",\"url\":\"https:\/\/www.fundacio-stampfli.org\/wp-content\/uploads\/2026\/02\/780_0008_6432768_feacc0f9fefae9dc605152440f30b680.webp\",\"contentUrl\":\"https:\/\/www.fundacio-stampfli.org\/wp-content\/uploads\/2026\/02\/780_0008_6432768_feacc0f9fefae9dc605152440f30b680.webp\",\"width\":800,\"height\":865},{\"@type\":\"BreadcrumbList\",\"@id\":\"https:\/\/www.fundacio-stampfli.org\/es\/el-adios-a-peter-stampfli-una-despedida-que-agranda-su-legado\/#breadcrumb\",\"itemListElement\":[{\"@type\":\"ListItem\",\"position\":1,\"name\":\"Inici\",\"item\":\"https:\/\/www.fundacio-stampfli.org\/es\/\"},{\"@type\":\"ListItem\",\"position\":2,\"name\":\"El adi\u00f3s a Peter St\u00e4mpfli: una despedida que agranda su legado\"}]},{\"@type\":\"WebSite\",\"@id\":\"https:\/\/www.fundacio-stampfli.org\/es\/#website\",\"url\":\"https:\/\/www.fundacio-stampfli.org\/es\/\",\"name\":\"Fundaci\u00f3 St\u00e4mpfli\",\"description\":\"\",\"publisher\":{\"@id\":\"https:\/\/www.fundacio-stampfli.org\/es\/#organization\"},\"potentialAction\":[{\"@type\":\"SearchAction\",\"target\":{\"@type\":\"EntryPoint\",\"urlTemplate\":\"https:\/\/www.fundacio-stampfli.org\/es\/?s={search_term_string}\"},\"query-input\":{\"@type\":\"PropertyValueSpecification\",\"valueRequired\":true,\"valueName\":\"search_term_string\"}}],\"inLanguage\":\"es\"},{\"@type\":\"Organization\",\"@id\":\"https:\/\/www.fundacio-stampfli.org\/es\/#organization\",\"name\":\"Fundaci\u00f3 St\u00e4mpfli\",\"url\":\"https:\/\/www.fundacio-stampfli.org\/es\/\",\"logo\":{\"@type\":\"ImageObject\",\"inLanguage\":\"es\",\"@id\":\"https:\/\/www.fundacio-stampfli.org\/es\/#\/schema\/logo\/image\/\",\"url\":\"https:\/\/www.fundacio-stampfli.org\/wp-content\/uploads\/2025\/07\/logo_fondo.svg\",\"contentUrl\":\"https:\/\/www.fundacio-stampfli.org\/wp-content\/uploads\/2025\/07\/logo_fondo.svg\",\"width\":100,\"height\":100,\"caption\":\"Fundaci\u00f3 St\u00e4mpfli\"},\"image\":{\"@id\":\"https:\/\/www.fundacio-stampfli.org\/es\/#\/schema\/logo\/image\/\"}},{\"@type\":\"Person\",\"@id\":\"https:\/\/www.fundacio-stampfli.org\/es\/#\/schema\/person\/6e07afa5b6c3c18af6be8b697965053a\",\"name\":\"tresquatretres\",\"image\":{\"@type\":\"ImageObject\",\"inLanguage\":\"es\",\"@id\":\"https:\/\/www.fundacio-stampfli.org\/es\/#\/schema\/person\/image\/\",\"url\":\"https:\/\/secure.gravatar.com\/avatar\/d51d267985a1c7a6769ecf6e7b1beb74ff442f742dc982d57a2c8bd2d87d3147?s=96&d=mm&r=g\",\"contentUrl\":\"https:\/\/secure.gravatar.com\/avatar\/d51d267985a1c7a6769ecf6e7b1beb74ff442f742dc982d57a2c8bd2d87d3147?s=96&d=mm&r=g\",\"caption\":\"tresquatretres\"},\"url\":\"https:\/\/www.fundacio-stampfli.org\/es\/author\/tresquatretres\/\"}]}<\/script>\n<!-- \/ Yoast SEO plugin. -->","yoast_head_json":{"title":"El adi\u00f3s a Peter St\u00e4mpfli: una despedida que agranda su legado - Fundaci\u00f3 St\u00e4mpfli","robots":{"index":"index","follow":"follow","max-snippet":"max-snippet:-1","max-image-preview":"max-image-preview:large","max-video-preview":"max-video-preview:-1"},"canonical":"https:\/\/www.fundacio-stampfli.org\/es\/el-adios-a-peter-stampfli-una-despedida-que-agranda-su-legado\/","og_locale":"es_ES","og_type":"article","og_title":"El adi\u00f3s a Peter St\u00e4mpfli: una despedida que agranda su legado - Fundaci\u00f3 St\u00e4mpfli","og_description":"La Fundaci\u00f3n St\u00e4mpfli \u2013 Art Contemporani comunica con profunda tristeza la muerte del artista Peter St\u00e4mpfli, sucedida este pasado jueves, 19 de febrero, a los 88 a\u00f1os, debido a complicaciones de salud propias de la edad, que se hab\u00edan agravado durante las \u00faltimas semanas. Nacido el 3 de julio de 1937 en Deisswil bei M\u00fcnchenbuchsee...","og_url":"https:\/\/www.fundacio-stampfli.org\/es\/el-adios-a-peter-stampfli-una-despedida-que-agranda-su-legado\/","og_site_name":"Fundaci\u00f3 St\u00e4mpfli","article_published_time":"2026-02-20T14:57:03+00:00","article_modified_time":"2026-03-26T13:01:29+00:00","og_image":[{"width":800,"height":865,"url":"https:\/\/www.fundacio-stampfli.org\/wp-content\/uploads\/2026\/02\/780_0008_6432768_feacc0f9fefae9dc605152440f30b680.webp","type":"image\/webp"}],"author":"tresquatretres","twitter_card":"summary_large_image","twitter_misc":{"Escrito por":"tresquatretres","Tiempo de lectura":"4 minutos"},"schema":{"@context":"https:\/\/schema.org","@graph":[{"@type":"Article","@id":"https:\/\/www.fundacio-stampfli.org\/es\/el-adios-a-peter-stampfli-una-despedida-que-agranda-su-legado\/#article","isPartOf":{"@id":"https:\/\/www.fundacio-stampfli.org\/es\/el-adios-a-peter-stampfli-una-despedida-que-agranda-su-legado\/"},"author":{"name":"tresquatretres","@id":"https:\/\/www.fundacio-stampfli.org\/es\/#\/schema\/person\/6e07afa5b6c3c18af6be8b697965053a"},"headline":"El adi\u00f3s a Peter St\u00e4mpfli: una despedida que agranda su legado","datePublished":"2026-02-20T14:57:03+00:00","dateModified":"2026-03-26T13:01:29+00:00","mainEntityOfPage":{"@id":"https:\/\/www.fundacio-stampfli.org\/es\/el-adios-a-peter-stampfli-una-despedida-que-agranda-su-legado\/"},"wordCount":739,"commentCount":0,"publisher":{"@id":"https:\/\/www.fundacio-stampfli.org\/es\/#organization"},"image":{"@id":"https:\/\/www.fundacio-stampfli.org\/es\/el-adios-a-peter-stampfli-una-despedida-que-agranda-su-legado\/#primaryimage"},"thumbnailUrl":"https:\/\/www.fundacio-stampfli.org\/wp-content\/uploads\/2026\/02\/780_0008_6432768_feacc0f9fefae9dc605152440f30b680.webp","articleSection":["Actualidad"],"inLanguage":"es","potentialAction":[{"@type":"CommentAction","name":"Comment","target":["https:\/\/www.fundacio-stampfli.org\/es\/el-adios-a-peter-stampfli-una-despedida-que-agranda-su-legado\/#respond"]}]},{"@type":"WebPage","@id":"https:\/\/www.fundacio-stampfli.org\/es\/el-adios-a-peter-stampfli-una-despedida-que-agranda-su-legado\/","url":"https:\/\/www.fundacio-stampfli.org\/es\/el-adios-a-peter-stampfli-una-despedida-que-agranda-su-legado\/","name":"El adi\u00f3s a Peter St\u00e4mpfli: una despedida que agranda su legado - Fundaci\u00f3 St\u00e4mpfli","isPartOf":{"@id":"https:\/\/www.fundacio-stampfli.org\/es\/#website"},"primaryImageOfPage":{"@id":"https:\/\/www.fundacio-stampfli.org\/es\/el-adios-a-peter-stampfli-una-despedida-que-agranda-su-legado\/#primaryimage"},"image":{"@id":"https:\/\/www.fundacio-stampfli.org\/es\/el-adios-a-peter-stampfli-una-despedida-que-agranda-su-legado\/#primaryimage"},"thumbnailUrl":"https:\/\/www.fundacio-stampfli.org\/wp-content\/uploads\/2026\/02\/780_0008_6432768_feacc0f9fefae9dc605152440f30b680.webp","datePublished":"2026-02-20T14:57:03+00:00","dateModified":"2026-03-26T13:01:29+00:00","breadcrumb":{"@id":"https:\/\/www.fundacio-stampfli.org\/es\/el-adios-a-peter-stampfli-una-despedida-que-agranda-su-legado\/#breadcrumb"},"inLanguage":"es","potentialAction":[{"@type":"ReadAction","target":["https:\/\/www.fundacio-stampfli.org\/es\/el-adios-a-peter-stampfli-una-despedida-que-agranda-su-legado\/"]}]},{"@type":"ImageObject","inLanguage":"es","@id":"https:\/\/www.fundacio-stampfli.org\/es\/el-adios-a-peter-stampfli-una-despedida-que-agranda-su-legado\/#primaryimage","url":"https:\/\/www.fundacio-stampfli.org\/wp-content\/uploads\/2026\/02\/780_0008_6432768_feacc0f9fefae9dc605152440f30b680.webp","contentUrl":"https:\/\/www.fundacio-stampfli.org\/wp-content\/uploads\/2026\/02\/780_0008_6432768_feacc0f9fefae9dc605152440f30b680.webp","width":800,"height":865},{"@type":"BreadcrumbList","@id":"https:\/\/www.fundacio-stampfli.org\/es\/el-adios-a-peter-stampfli-una-despedida-que-agranda-su-legado\/#breadcrumb","itemListElement":[{"@type":"ListItem","position":1,"name":"Inici","item":"https:\/\/www.fundacio-stampfli.org\/es\/"},{"@type":"ListItem","position":2,"name":"El adi\u00f3s a Peter St\u00e4mpfli: una despedida que agranda su legado"}]},{"@type":"WebSite","@id":"https:\/\/www.fundacio-stampfli.org\/es\/#website","url":"https:\/\/www.fundacio-stampfli.org\/es\/","name":"Fundaci\u00f3 St\u00e4mpfli","description":"","publisher":{"@id":"https:\/\/www.fundacio-stampfli.org\/es\/#organization"},"potentialAction":[{"@type":"SearchAction","target":{"@type":"EntryPoint","urlTemplate":"https:\/\/www.fundacio-stampfli.org\/es\/?s={search_term_string}"},"query-input":{"@type":"PropertyValueSpecification","valueRequired":true,"valueName":"search_term_string"}}],"inLanguage":"es"},{"@type":"Organization","@id":"https:\/\/www.fundacio-stampfli.org\/es\/#organization","name":"Fundaci\u00f3 St\u00e4mpfli","url":"https:\/\/www.fundacio-stampfli.org\/es\/","logo":{"@type":"ImageObject","inLanguage":"es","@id":"https:\/\/www.fundacio-stampfli.org\/es\/#\/schema\/logo\/image\/","url":"https:\/\/www.fundacio-stampfli.org\/wp-content\/uploads\/2025\/07\/logo_fondo.svg","contentUrl":"https:\/\/www.fundacio-stampfli.org\/wp-content\/uploads\/2025\/07\/logo_fondo.svg","width":100,"height":100,"caption":"Fundaci\u00f3 St\u00e4mpfli"},"image":{"@id":"https:\/\/www.fundacio-stampfli.org\/es\/#\/schema\/logo\/image\/"}},{"@type":"Person","@id":"https:\/\/www.fundacio-stampfli.org\/es\/#\/schema\/person\/6e07afa5b6c3c18af6be8b697965053a","name":"tresquatretres","image":{"@type":"ImageObject","inLanguage":"es","@id":"https:\/\/www.fundacio-stampfli.org\/es\/#\/schema\/person\/image\/","url":"https:\/\/secure.gravatar.com\/avatar\/d51d267985a1c7a6769ecf6e7b1beb74ff442f742dc982d57a2c8bd2d87d3147?s=96&d=mm&r=g","contentUrl":"https:\/\/secure.gravatar.com\/avatar\/d51d267985a1c7a6769ecf6e7b1beb74ff442f742dc982d57a2c8bd2d87d3147?s=96&d=mm&r=g","caption":"tresquatretres"},"url":"https:\/\/www.fundacio-stampfli.org\/es\/author\/tresquatretres\/"}]}},"taxonomy_info":{"category":[{"value":13,"label":"Actualidad"}]},"featured_image_src_large":["https:\/\/www.fundacio-stampfli.org\/wp-content\/uploads\/2026\/02\/780_0008_6432768_feacc0f9fefae9dc605152440f30b680.webp",800,865,false],"author_info":{"display_name":"tresquatretres","author_link":"https:\/\/www.fundacio-stampfli.org\/es\/author\/tresquatretres\/"},"comment_info":0,"category_info":[{"term_id":13,"name":"Actualidad","slug":"actualidad","term_group":0,"term_taxonomy_id":13,"taxonomy":"category","description":"","parent":0,"count":9,"filter":"raw","cat_ID":13,"category_count":9,"category_description":"","cat_name":"Actualidad","category_nicename":"actualidad","category_parent":0}],"tag_info":false,"_links":{"self":[{"href":"https:\/\/www.fundacio-stampfli.org\/es\/wp-json\/wp\/v2\/posts\/2466","targetHints":{"allow":["GET"]}}],"collection":[{"href":"https:\/\/www.fundacio-stampfli.org\/es\/wp-json\/wp\/v2\/posts"}],"about":[{"href":"https:\/\/www.fundacio-stampfli.org\/es\/wp-json\/wp\/v2\/types\/post"}],"author":[{"embeddable":true,"href":"https:\/\/www.fundacio-stampfli.org\/es\/wp-json\/wp\/v2\/users\/3"}],"replies":[{"embeddable":true,"href":"https:\/\/www.fundacio-stampfli.org\/es\/wp-json\/wp\/v2\/comments?post=2466"}],"version-history":[{"count":1,"href":"https:\/\/www.fundacio-stampfli.org\/es\/wp-json\/wp\/v2\/posts\/2466\/revisions"}],"predecessor-version":[{"id":2467,"href":"https:\/\/www.fundacio-stampfli.org\/es\/wp-json\/wp\/v2\/posts\/2466\/revisions\/2467"}],"wp:featuredmedia":[{"embeddable":true,"href":"https:\/\/www.fundacio-stampfli.org\/es\/wp-json\/wp\/v2\/media\/2465"}],"wp:attachment":[{"href":"https:\/\/www.fundacio-stampfli.org\/es\/wp-json\/wp\/v2\/media?parent=2466"}],"wp:term":[{"taxonomy":"category","embeddable":true,"href":"https:\/\/www.fundacio-stampfli.org\/es\/wp-json\/wp\/v2\/categories?post=2466"},{"taxonomy":"post_tag","embeddable":true,"href":"https:\/\/www.fundacio-stampfli.org\/es\/wp-json\/wp\/v2\/tags?post=2466"}],"curies":[{"name":"wp","href":"https:\/\/api.w.org\/{rel}","templated":true}]}}