{"id":2472,"date":"2026-02-20T15:57:03","date_gmt":"2026-02-20T14:57:03","guid":{"rendered":"https:\/\/www.fundacio-stampfli.org\/ladieu-a-peter-stampfli-un-au-revoir-qui-magnifie-son-heritage\/"},"modified":"2026-03-26T14:06:06","modified_gmt":"2026-03-26T13:06:06","slug":"ladieu-a-peter-stampfli-un-au-revoir-qui-magnifie-son-heritage","status":"publish","type":"post","link":"https:\/\/www.fundacio-stampfli.org\/fr\/ladieu-a-peter-stampfli-un-au-revoir-qui-magnifie-son-heritage\/","title":{"rendered":"L\u2019adieu \u00e0 Peter St\u00e4mpfli : un au revoir qui magnifie son h\u00e9ritage"},"content":{"rendered":"\n<p>La Fundaci\u00f3 St\u00e4mpfli \u2013 Art Contemporani annonce avec une profonde tristesse le d\u00e9c\u00e8s de l\u2019artiste Peter St\u00e4mpfli, survenu ce jeudi 19 f\u00e9vrier, \u00e0 l\u2019\u00e2ge de 88 ans, en raison de complications de sant\u00e9 li\u00e9es \u00e0 l\u2019\u00e2ge, qui s\u2019\u00e9taient aggrav\u00e9es ces derni\u00e8res semaines. N\u00e9 le 3 juillet 1937 \u00e0 Deisswil bei M\u00fcnchenbuchsee (Suisse), il laisse un h\u00e9ritage artistique et humain d\u2019une dimension exceptionnelle. <\/p>\n\n<p>La relation de Peter et Anna Maria St\u00e4mpfli avec Sitges commence en 1970, lorsqu\u2019ils acqui\u00e8rent une ancienne maison de p\u00eacheurs dans la rue embl\u00e9matique d\u2019en Bosc. Alert\u00e9s par le risque de disparition de certains de ses b\u00e2timents historiques, ils ach\u00e8tent progressivement trois propri\u00e9t\u00e9s adjacentes qui deviennent leur r\u00e9sidence habituelle, qu\u2019ils alternent avec leurs s\u00e9jours \u00e0 Paris et \u00e0 Berne. Dans tous les cas, ils adoptent un crit\u00e8re de respect patrimonial maximal : ils conservent les arcs diaphragmes, \u00e9liminent les cloisons et ajouts r\u00e9cents, et mettent en valeur un fragment de muraille du XIVe si\u00e8cle int\u00e9gr\u00e9 \u00e0 l\u2019une des maisons. En 1977, co\u00efncidant avec la d\u00e9couverte de la muraille, ils organisent la premi\u00e8re de leurs populaires F\u00eates de la rue d\u2019en Bosc, durant laquelle le fragment restaur\u00e9 est pr\u00e9sent\u00e9 au public et le drapeau catalan hiss\u00e9.   <\/p>\n\n<p>Au fil des ans, le couple St\u00e4mpfli int\u00e8gre \u00e9galement l\u2019ancienne maison de Can Mec, qui devient l\u2019Espai Cultural St\u00e4mpfli, c\u00e9d\u00e9 au Grup d\u2019Estudis Sitgetans. Plus tard, ils proc\u00e8dent de m\u00eame avec Can Serramalera, pi\u00e8ce cl\u00e9 du futur projet d\u2019une fondation d\u00e9di\u00e9e \u00e0 l\u2019art contemporain. <\/p>\n\n<p>La Fundaci\u00f3 St\u00e4mpfli \u2013 Art Contemporani ouvre ses portes en 2011 dans l\u2019ancien b\u00e2timent du Mercat del Peix, avec une superficie de 940 m\u00e8tres carr\u00e9s et une collection initiale de 81 \u0153uvres donn\u00e9es par 65 artistes de 20 nationalit\u00e9s. Il s\u2019agit d\u2019une collection unique en Catalogne, compos\u00e9e de cr\u00e9ateurs ayant d\u00e9velopp\u00e9 leur carri\u00e8re \u00e0 Paris dans les ann\u00e9es 60 et 70, dans un contexte de profonde r\u00e9novation artistique et sociale. Beaucoup d\u2019entre eux \u00e9taient, en plus, unis \u00e0 St\u00e4mpfli par de fortes relations d\u2019amiti\u00e9. Sa cr\u00e9ation et sa consolidation ont renforc\u00e9 le r\u00f4le de Sitges comme p\u00f4le artistique, historiquement marquant dans le Romantisme, le Modernisme et le Noucentisme.   <\/p>\n\n<p>Reconnu internationalement \u2013notamment en France, en Suisse, en Belgique et aux \u00c9tats-Unis\u2013, l\u2019\u0153uvre de St\u00e4mpfli est pr\u00e9sente dans d\u2019importantes collections publiques et priv\u00e9es d\u2019Europe, des \u00c9tats-Unis, du Japon et de Cor\u00e9e du Sud. Il a \u00e9t\u00e9 le protagoniste d\u2019une soixantaine d\u2019expositions individuelles \u2013dont au Centre Pompidou et \u00e0 la Galerie Nationale du Jeu de Paume de Paris\u2013 et de plus de 230 expositions collectives.  <\/p>\n\n<p>L\u2019exposition permanente de la Fondation rassemble ses trois grandes \u00e9tapes cr\u00e9atives : une premi\u00e8re, de 1963 \u00e0 1970, consacr\u00e9e au pop art et \u00e0 la figuration ; une deuxi\u00e8me, de 1970 \u00e0 1990, marqu\u00e9e par son iconique empreinte de pneu en relief ; et une troisi\u00e8me, de 1990 \u00e0 2003, plus abstraite et chromatique. La Fondation a \u00e9galement propos\u00e9 des expositions temporaires annuelles. La derni\u00e8re, justement, se composait elle aussi d\u2019une triple exposition dans laquelle Peter St\u00e4mpfli \u00e9tait pr\u00e9sent : d\u2019une part, avec d\u2019autres artistes majeurs de la Figuration Narrative parisienne ; d\u2019autre part, avec de nouvelles formes de son empreinte de pneu ; et enfin, avec une s\u00e9lection de gouaches in\u00e9dites de sa jeunesse.  <\/p>\n\n<p>Peter St\u00e4mpfli a \u00e9t\u00e9 nomm\u00e9 Fils Adoptif de Sitges en 2004. D\u00e8s son arriv\u00e9e dans la ville, il s\u2019int\u00e8gre aussit\u00f4t dans la vie quotidienne et les traditions locales, en plus de participer activement \u00e0 diverses initiatives culturelles. Son enracinement dans la soci\u00e9t\u00e9 catalane se manifestait \u00e9galement par la d\u00e9fense de la langue et de la culture propres au pays. Doter Sitges et la Catalogne de ce mus\u00e9e d\u2019art contemporain faisait aussi partie de son engagement envers ce lieu qu\u2019il consid\u00e9rait d\u00e9j\u00e0 comme chez lui.   <\/p>\n\n<p>La Fundaci\u00f3 St\u00e4mpfli \u2013 Art Contemporani exprime ses plus sinc\u00e8res condol\u00e9ances et remercie la grande d\u00e9monstration d\u2019affection re\u00e7ue. L\u2019h\u00e9ritage artistique, social et humain de Peter St\u00e4mpfli restera vivant \u00e0 Sitges, en Catalogne et dans le monde entier. <\/p>\n\n<h3 class=\"wp-block-heading\"><a href=\"https:\/\/www.instagram.com\/p\/DU-0BUSjGsq\/?img_index=1\" type=\"link\" id=\"https:\/\/www.instagram.com\/p\/DU-0BUSjGsq\/?img_index=1\" target=\"_blank\" rel=\"noreferrer noopener\">Laissez un message d\u2019adieu sur les r\u00e9seaux sociaux<\/a><\/h3>\n","protected":false},"excerpt":{"rendered":"<p>La Fundaci\u00f3 St\u00e4mpfli \u2013 Art Contemporani annonce avec une profonde tristesse le d\u00e9c\u00e8s de l\u2019artiste Peter St\u00e4mpfli, survenu ce jeudi 19 f\u00e9vrier, \u00e0 l\u2019\u00e2ge de 88 ans, en raison de complications de sant\u00e9 li\u00e9es \u00e0 l\u2019\u00e2ge, qui s\u2019\u00e9taient aggrav\u00e9es ces derni\u00e8res semaines. N\u00e9 le 3 juillet 1937 \u00e0 Deisswil bei M\u00fcnchenbuchsee (Suisse), il laisse un&#8230;<\/p>\n","protected":false},"author":3,"featured_media":2471,"comment_status":"open","ping_status":"closed","sticky":false,"template":"","format":"standard","meta":{"_acf_changed":false,"inline_featured_image":false,"_kad_blocks_custom_css":"","_kad_blocks_head_custom_js":"","_kad_blocks_body_custom_js":"","_kad_blocks_footer_custom_js":"","_kad_post_transparent":"","_kad_post_title":"","_kad_post_layout":"","_kad_post_sidebar_id":"","_kad_post_content_style":"","_kad_post_vertical_padding":"","_kad_post_feature":"","_kad_post_feature_position":"","_kad_post_header":false,"_kad_post_footer":false,"_kad_post_classname":"","footnotes":""},"categories":[15],"tags":[],"class_list":["post-2472","post","type-post","status-publish","format-standard","has-post-thumbnail","hentry","category-news"],"acf":[],"yoast_head":"<!-- This site is optimized with the Yoast SEO plugin v26.8 - https:\/\/yoast.com\/product\/yoast-seo-wordpress\/ -->\n<title>L\u2019adieu \u00e0 Peter St\u00e4mpfli : un au revoir qui magnifie son h\u00e9ritage - Fundaci\u00f3 St\u00e4mpfli<\/title>\n<meta name=\"robots\" content=\"index, follow, max-snippet:-1, max-image-preview:large, max-video-preview:-1\" \/>\n<link rel=\"canonical\" href=\"https:\/\/www.fundacio-stampfli.org\/fr\/ladieu-a-peter-stampfli-un-au-revoir-qui-magnifie-son-heritage\/\" \/>\n<meta property=\"og:locale\" content=\"fr_FR\" \/>\n<meta property=\"og:type\" content=\"article\" \/>\n<meta property=\"og:title\" content=\"L\u2019adieu \u00e0 Peter St\u00e4mpfli : un au revoir qui magnifie son h\u00e9ritage - Fundaci\u00f3 St\u00e4mpfli\" \/>\n<meta property=\"og:description\" content=\"La Fundaci\u00f3 St\u00e4mpfli \u2013 Art Contemporani annonce avec une profonde tristesse le d\u00e9c\u00e8s de l\u2019artiste Peter St\u00e4mpfli, survenu ce jeudi 19 f\u00e9vrier, \u00e0 l\u2019\u00e2ge de 88 ans, en raison de complications de sant\u00e9 li\u00e9es \u00e0 l\u2019\u00e2ge, qui s\u2019\u00e9taient aggrav\u00e9es ces derni\u00e8res semaines. N\u00e9 le 3 juillet 1937 \u00e0 Deisswil bei M\u00fcnchenbuchsee (Suisse), il laisse un...\" \/>\n<meta property=\"og:url\" content=\"https:\/\/www.fundacio-stampfli.org\/fr\/ladieu-a-peter-stampfli-un-au-revoir-qui-magnifie-son-heritage\/\" \/>\n<meta property=\"og:site_name\" content=\"Fundaci\u00f3 St\u00e4mpfli\" \/>\n<meta property=\"article:published_time\" content=\"2026-02-20T14:57:03+00:00\" \/>\n<meta property=\"article:modified_time\" content=\"2026-03-26T13:06:06+00:00\" \/>\n<meta property=\"og:image\" content=\"https:\/\/www.fundacio-stampfli.org\/wp-content\/uploads\/2026\/02\/780_0008_6432768_feacc0f9fefae9dc605152440f30b680.webp\" \/>\n\t<meta property=\"og:image:width\" content=\"800\" \/>\n\t<meta property=\"og:image:height\" content=\"865\" \/>\n\t<meta property=\"og:image:type\" content=\"image\/webp\" \/>\n<meta name=\"author\" content=\"tresquatretres\" \/>\n<meta name=\"twitter:card\" content=\"summary_large_image\" \/>\n<meta name=\"twitter:label1\" content=\"\u00c9crit par\" \/>\n\t<meta name=\"twitter:data1\" content=\"tresquatretres\" \/>\n\t<meta name=\"twitter:label2\" content=\"Dur\u00e9e de lecture estim\u00e9e\" \/>\n\t<meta name=\"twitter:data2\" content=\"4 minutes\" \/>\n<script type=\"application\/ld+json\" class=\"yoast-schema-graph\">{\"@context\":\"https:\/\/schema.org\",\"@graph\":[{\"@type\":\"Article\",\"@id\":\"https:\/\/www.fundacio-stampfli.org\/fr\/ladieu-a-peter-stampfli-un-au-revoir-qui-magnifie-son-heritage\/#article\",\"isPartOf\":{\"@id\":\"https:\/\/www.fundacio-stampfli.org\/fr\/ladieu-a-peter-stampfli-un-au-revoir-qui-magnifie-son-heritage\/\"},\"author\":{\"name\":\"tresquatretres\",\"@id\":\"https:\/\/www.fundacio-stampfli.org\/fr\/#\/schema\/person\/6e07afa5b6c3c18af6be8b697965053a\"},\"headline\":\"L\u2019adieu \u00e0 Peter St\u00e4mpfli : un au revoir qui magnifie son h\u00e9ritage\",\"datePublished\":\"2026-02-20T14:57:03+00:00\",\"dateModified\":\"2026-03-26T13:06:06+00:00\",\"mainEntityOfPage\":{\"@id\":\"https:\/\/www.fundacio-stampfli.org\/fr\/ladieu-a-peter-stampfli-un-au-revoir-qui-magnifie-son-heritage\/\"},\"wordCount\":747,\"commentCount\":0,\"publisher\":{\"@id\":\"https:\/\/www.fundacio-stampfli.org\/fr\/#organization\"},\"image\":{\"@id\":\"https:\/\/www.fundacio-stampfli.org\/fr\/ladieu-a-peter-stampfli-un-au-revoir-qui-magnifie-son-heritage\/#primaryimage\"},\"thumbnailUrl\":\"https:\/\/www.fundacio-stampfli.org\/wp-content\/uploads\/2026\/02\/780_0008_6432768_feacc0f9fefae9dc605152440f30b680.webp\",\"articleSection\":[\"News\"],\"inLanguage\":\"fr-FR\",\"potentialAction\":[{\"@type\":\"CommentAction\",\"name\":\"Comment\",\"target\":[\"https:\/\/www.fundacio-stampfli.org\/fr\/ladieu-a-peter-stampfli-un-au-revoir-qui-magnifie-son-heritage\/#respond\"]}]},{\"@type\":\"WebPage\",\"@id\":\"https:\/\/www.fundacio-stampfli.org\/fr\/ladieu-a-peter-stampfli-un-au-revoir-qui-magnifie-son-heritage\/\",\"url\":\"https:\/\/www.fundacio-stampfli.org\/fr\/ladieu-a-peter-stampfli-un-au-revoir-qui-magnifie-son-heritage\/\",\"name\":\"L\u2019adieu \u00e0 Peter St\u00e4mpfli : un au revoir qui magnifie son h\u00e9ritage - Fundaci\u00f3 St\u00e4mpfli\",\"isPartOf\":{\"@id\":\"https:\/\/www.fundacio-stampfli.org\/fr\/#website\"},\"primaryImageOfPage\":{\"@id\":\"https:\/\/www.fundacio-stampfli.org\/fr\/ladieu-a-peter-stampfli-un-au-revoir-qui-magnifie-son-heritage\/#primaryimage\"},\"image\":{\"@id\":\"https:\/\/www.fundacio-stampfli.org\/fr\/ladieu-a-peter-stampfli-un-au-revoir-qui-magnifie-son-heritage\/#primaryimage\"},\"thumbnailUrl\":\"https:\/\/www.fundacio-stampfli.org\/wp-content\/uploads\/2026\/02\/780_0008_6432768_feacc0f9fefae9dc605152440f30b680.webp\",\"datePublished\":\"2026-02-20T14:57:03+00:00\",\"dateModified\":\"2026-03-26T13:06:06+00:00\",\"breadcrumb\":{\"@id\":\"https:\/\/www.fundacio-stampfli.org\/fr\/ladieu-a-peter-stampfli-un-au-revoir-qui-magnifie-son-heritage\/#breadcrumb\"},\"inLanguage\":\"fr-FR\",\"potentialAction\":[{\"@type\":\"ReadAction\",\"target\":[\"https:\/\/www.fundacio-stampfli.org\/fr\/ladieu-a-peter-stampfli-un-au-revoir-qui-magnifie-son-heritage\/\"]}]},{\"@type\":\"ImageObject\",\"inLanguage\":\"fr-FR\",\"@id\":\"https:\/\/www.fundacio-stampfli.org\/fr\/ladieu-a-peter-stampfli-un-au-revoir-qui-magnifie-son-heritage\/#primaryimage\",\"url\":\"https:\/\/www.fundacio-stampfli.org\/wp-content\/uploads\/2026\/02\/780_0008_6432768_feacc0f9fefae9dc605152440f30b680.webp\",\"contentUrl\":\"https:\/\/www.fundacio-stampfli.org\/wp-content\/uploads\/2026\/02\/780_0008_6432768_feacc0f9fefae9dc605152440f30b680.webp\",\"width\":800,\"height\":865},{\"@type\":\"BreadcrumbList\",\"@id\":\"https:\/\/www.fundacio-stampfli.org\/fr\/ladieu-a-peter-stampfli-un-au-revoir-qui-magnifie-son-heritage\/#breadcrumb\",\"itemListElement\":[{\"@type\":\"ListItem\",\"position\":1,\"name\":\"Inici\",\"item\":\"https:\/\/www.fundacio-stampfli.org\/fr\/\"},{\"@type\":\"ListItem\",\"position\":2,\"name\":\"L\u2019adieu \u00e0 Peter St\u00e4mpfli : un au revoir qui magnifie son h\u00e9ritage\"}]},{\"@type\":\"WebSite\",\"@id\":\"https:\/\/www.fundacio-stampfli.org\/fr\/#website\",\"url\":\"https:\/\/www.fundacio-stampfli.org\/fr\/\",\"name\":\"Fundaci\u00f3 St\u00e4mpfli\",\"description\":\"\",\"publisher\":{\"@id\":\"https:\/\/www.fundacio-stampfli.org\/fr\/#organization\"},\"potentialAction\":[{\"@type\":\"SearchAction\",\"target\":{\"@type\":\"EntryPoint\",\"urlTemplate\":\"https:\/\/www.fundacio-stampfli.org\/fr\/?s={search_term_string}\"},\"query-input\":{\"@type\":\"PropertyValueSpecification\",\"valueRequired\":true,\"valueName\":\"search_term_string\"}}],\"inLanguage\":\"fr-FR\"},{\"@type\":\"Organization\",\"@id\":\"https:\/\/www.fundacio-stampfli.org\/fr\/#organization\",\"name\":\"Fundaci\u00f3 St\u00e4mpfli\",\"url\":\"https:\/\/www.fundacio-stampfli.org\/fr\/\",\"logo\":{\"@type\":\"ImageObject\",\"inLanguage\":\"fr-FR\",\"@id\":\"https:\/\/www.fundacio-stampfli.org\/fr\/#\/schema\/logo\/image\/\",\"url\":\"https:\/\/www.fundacio-stampfli.org\/wp-content\/uploads\/2025\/07\/logo_fondo.svg\",\"contentUrl\":\"https:\/\/www.fundacio-stampfli.org\/wp-content\/uploads\/2025\/07\/logo_fondo.svg\",\"width\":100,\"height\":100,\"caption\":\"Fundaci\u00f3 St\u00e4mpfli\"},\"image\":{\"@id\":\"https:\/\/www.fundacio-stampfli.org\/fr\/#\/schema\/logo\/image\/\"}},{\"@type\":\"Person\",\"@id\":\"https:\/\/www.fundacio-stampfli.org\/fr\/#\/schema\/person\/6e07afa5b6c3c18af6be8b697965053a\",\"name\":\"tresquatretres\",\"image\":{\"@type\":\"ImageObject\",\"inLanguage\":\"fr-FR\",\"@id\":\"https:\/\/www.fundacio-stampfli.org\/fr\/#\/schema\/person\/image\/\",\"url\":\"https:\/\/secure.gravatar.com\/avatar\/d51d267985a1c7a6769ecf6e7b1beb74ff442f742dc982d57a2c8bd2d87d3147?s=96&d=mm&r=g\",\"contentUrl\":\"https:\/\/secure.gravatar.com\/avatar\/d51d267985a1c7a6769ecf6e7b1beb74ff442f742dc982d57a2c8bd2d87d3147?s=96&d=mm&r=g\",\"caption\":\"tresquatretres\"},\"url\":\"https:\/\/www.fundacio-stampfli.org\/fr\/author\/tresquatretres\/\"}]}<\/script>\n<!-- \/ Yoast SEO plugin. -->","yoast_head_json":{"title":"L\u2019adieu \u00e0 Peter St\u00e4mpfli : un au revoir qui magnifie son h\u00e9ritage - Fundaci\u00f3 St\u00e4mpfli","robots":{"index":"index","follow":"follow","max-snippet":"max-snippet:-1","max-image-preview":"max-image-preview:large","max-video-preview":"max-video-preview:-1"},"canonical":"https:\/\/www.fundacio-stampfli.org\/fr\/ladieu-a-peter-stampfli-un-au-revoir-qui-magnifie-son-heritage\/","og_locale":"fr_FR","og_type":"article","og_title":"L\u2019adieu \u00e0 Peter St\u00e4mpfli : un au revoir qui magnifie son h\u00e9ritage - Fundaci\u00f3 St\u00e4mpfli","og_description":"La Fundaci\u00f3 St\u00e4mpfli \u2013 Art Contemporani annonce avec une profonde tristesse le d\u00e9c\u00e8s de l\u2019artiste Peter St\u00e4mpfli, survenu ce jeudi 19 f\u00e9vrier, \u00e0 l\u2019\u00e2ge de 88 ans, en raison de complications de sant\u00e9 li\u00e9es \u00e0 l\u2019\u00e2ge, qui s\u2019\u00e9taient aggrav\u00e9es ces derni\u00e8res semaines. N\u00e9 le 3 juillet 1937 \u00e0 Deisswil bei M\u00fcnchenbuchsee (Suisse), il laisse un...","og_url":"https:\/\/www.fundacio-stampfli.org\/fr\/ladieu-a-peter-stampfli-un-au-revoir-qui-magnifie-son-heritage\/","og_site_name":"Fundaci\u00f3 St\u00e4mpfli","article_published_time":"2026-02-20T14:57:03+00:00","article_modified_time":"2026-03-26T13:06:06+00:00","og_image":[{"width":800,"height":865,"url":"https:\/\/www.fundacio-stampfli.org\/wp-content\/uploads\/2026\/02\/780_0008_6432768_feacc0f9fefae9dc605152440f30b680.webp","type":"image\/webp"}],"author":"tresquatretres","twitter_card":"summary_large_image","twitter_misc":{"\u00c9crit par":"tresquatretres","Dur\u00e9e de lecture estim\u00e9e":"4 minutes"},"schema":{"@context":"https:\/\/schema.org","@graph":[{"@type":"Article","@id":"https:\/\/www.fundacio-stampfli.org\/fr\/ladieu-a-peter-stampfli-un-au-revoir-qui-magnifie-son-heritage\/#article","isPartOf":{"@id":"https:\/\/www.fundacio-stampfli.org\/fr\/ladieu-a-peter-stampfli-un-au-revoir-qui-magnifie-son-heritage\/"},"author":{"name":"tresquatretres","@id":"https:\/\/www.fundacio-stampfli.org\/fr\/#\/schema\/person\/6e07afa5b6c3c18af6be8b697965053a"},"headline":"L\u2019adieu \u00e0 Peter St\u00e4mpfli : un au revoir qui magnifie son h\u00e9ritage","datePublished":"2026-02-20T14:57:03+00:00","dateModified":"2026-03-26T13:06:06+00:00","mainEntityOfPage":{"@id":"https:\/\/www.fundacio-stampfli.org\/fr\/ladieu-a-peter-stampfli-un-au-revoir-qui-magnifie-son-heritage\/"},"wordCount":747,"commentCount":0,"publisher":{"@id":"https:\/\/www.fundacio-stampfli.org\/fr\/#organization"},"image":{"@id":"https:\/\/www.fundacio-stampfli.org\/fr\/ladieu-a-peter-stampfli-un-au-revoir-qui-magnifie-son-heritage\/#primaryimage"},"thumbnailUrl":"https:\/\/www.fundacio-stampfli.org\/wp-content\/uploads\/2026\/02\/780_0008_6432768_feacc0f9fefae9dc605152440f30b680.webp","articleSection":["News"],"inLanguage":"fr-FR","potentialAction":[{"@type":"CommentAction","name":"Comment","target":["https:\/\/www.fundacio-stampfli.org\/fr\/ladieu-a-peter-stampfli-un-au-revoir-qui-magnifie-son-heritage\/#respond"]}]},{"@type":"WebPage","@id":"https:\/\/www.fundacio-stampfli.org\/fr\/ladieu-a-peter-stampfli-un-au-revoir-qui-magnifie-son-heritage\/","url":"https:\/\/www.fundacio-stampfli.org\/fr\/ladieu-a-peter-stampfli-un-au-revoir-qui-magnifie-son-heritage\/","name":"L\u2019adieu \u00e0 Peter St\u00e4mpfli : un au revoir qui magnifie son h\u00e9ritage - Fundaci\u00f3 St\u00e4mpfli","isPartOf":{"@id":"https:\/\/www.fundacio-stampfli.org\/fr\/#website"},"primaryImageOfPage":{"@id":"https:\/\/www.fundacio-stampfli.org\/fr\/ladieu-a-peter-stampfli-un-au-revoir-qui-magnifie-son-heritage\/#primaryimage"},"image":{"@id":"https:\/\/www.fundacio-stampfli.org\/fr\/ladieu-a-peter-stampfli-un-au-revoir-qui-magnifie-son-heritage\/#primaryimage"},"thumbnailUrl":"https:\/\/www.fundacio-stampfli.org\/wp-content\/uploads\/2026\/02\/780_0008_6432768_feacc0f9fefae9dc605152440f30b680.webp","datePublished":"2026-02-20T14:57:03+00:00","dateModified":"2026-03-26T13:06:06+00:00","breadcrumb":{"@id":"https:\/\/www.fundacio-stampfli.org\/fr\/ladieu-a-peter-stampfli-un-au-revoir-qui-magnifie-son-heritage\/#breadcrumb"},"inLanguage":"fr-FR","potentialAction":[{"@type":"ReadAction","target":["https:\/\/www.fundacio-stampfli.org\/fr\/ladieu-a-peter-stampfli-un-au-revoir-qui-magnifie-son-heritage\/"]}]},{"@type":"ImageObject","inLanguage":"fr-FR","@id":"https:\/\/www.fundacio-stampfli.org\/fr\/ladieu-a-peter-stampfli-un-au-revoir-qui-magnifie-son-heritage\/#primaryimage","url":"https:\/\/www.fundacio-stampfli.org\/wp-content\/uploads\/2026\/02\/780_0008_6432768_feacc0f9fefae9dc605152440f30b680.webp","contentUrl":"https:\/\/www.fundacio-stampfli.org\/wp-content\/uploads\/2026\/02\/780_0008_6432768_feacc0f9fefae9dc605152440f30b680.webp","width":800,"height":865},{"@type":"BreadcrumbList","@id":"https:\/\/www.fundacio-stampfli.org\/fr\/ladieu-a-peter-stampfli-un-au-revoir-qui-magnifie-son-heritage\/#breadcrumb","itemListElement":[{"@type":"ListItem","position":1,"name":"Inici","item":"https:\/\/www.fundacio-stampfli.org\/fr\/"},{"@type":"ListItem","position":2,"name":"L\u2019adieu \u00e0 Peter St\u00e4mpfli : un au revoir qui magnifie son h\u00e9ritage"}]},{"@type":"WebSite","@id":"https:\/\/www.fundacio-stampfli.org\/fr\/#website","url":"https:\/\/www.fundacio-stampfli.org\/fr\/","name":"Fundaci\u00f3 St\u00e4mpfli","description":"","publisher":{"@id":"https:\/\/www.fundacio-stampfli.org\/fr\/#organization"},"potentialAction":[{"@type":"SearchAction","target":{"@type":"EntryPoint","urlTemplate":"https:\/\/www.fundacio-stampfli.org\/fr\/?s={search_term_string}"},"query-input":{"@type":"PropertyValueSpecification","valueRequired":true,"valueName":"search_term_string"}}],"inLanguage":"fr-FR"},{"@type":"Organization","@id":"https:\/\/www.fundacio-stampfli.org\/fr\/#organization","name":"Fundaci\u00f3 St\u00e4mpfli","url":"https:\/\/www.fundacio-stampfli.org\/fr\/","logo":{"@type":"ImageObject","inLanguage":"fr-FR","@id":"https:\/\/www.fundacio-stampfli.org\/fr\/#\/schema\/logo\/image\/","url":"https:\/\/www.fundacio-stampfli.org\/wp-content\/uploads\/2025\/07\/logo_fondo.svg","contentUrl":"https:\/\/www.fundacio-stampfli.org\/wp-content\/uploads\/2025\/07\/logo_fondo.svg","width":100,"height":100,"caption":"Fundaci\u00f3 St\u00e4mpfli"},"image":{"@id":"https:\/\/www.fundacio-stampfli.org\/fr\/#\/schema\/logo\/image\/"}},{"@type":"Person","@id":"https:\/\/www.fundacio-stampfli.org\/fr\/#\/schema\/person\/6e07afa5b6c3c18af6be8b697965053a","name":"tresquatretres","image":{"@type":"ImageObject","inLanguage":"fr-FR","@id":"https:\/\/www.fundacio-stampfli.org\/fr\/#\/schema\/person\/image\/","url":"https:\/\/secure.gravatar.com\/avatar\/d51d267985a1c7a6769ecf6e7b1beb74ff442f742dc982d57a2c8bd2d87d3147?s=96&d=mm&r=g","contentUrl":"https:\/\/secure.gravatar.com\/avatar\/d51d267985a1c7a6769ecf6e7b1beb74ff442f742dc982d57a2c8bd2d87d3147?s=96&d=mm&r=g","caption":"tresquatretres"},"url":"https:\/\/www.fundacio-stampfli.org\/fr\/author\/tresquatretres\/"}]}},"taxonomy_info":{"category":[{"value":15,"label":"News"}]},"featured_image_src_large":["https:\/\/www.fundacio-stampfli.org\/wp-content\/uploads\/2026\/02\/780_0008_6432768_feacc0f9fefae9dc605152440f30b680.webp",800,865,false],"author_info":{"display_name":"tresquatretres","author_link":"https:\/\/www.fundacio-stampfli.org\/fr\/author\/tresquatretres\/"},"comment_info":0,"category_info":[{"term_id":15,"name":"News","slug":"news","term_group":0,"term_taxonomy_id":15,"taxonomy":"category","description":"","parent":0,"count":9,"filter":"raw","cat_ID":15,"category_count":9,"category_description":"","cat_name":"News","category_nicename":"news","category_parent":0}],"tag_info":false,"_links":{"self":[{"href":"https:\/\/www.fundacio-stampfli.org\/fr\/wp-json\/wp\/v2\/posts\/2472","targetHints":{"allow":["GET"]}}],"collection":[{"href":"https:\/\/www.fundacio-stampfli.org\/fr\/wp-json\/wp\/v2\/posts"}],"about":[{"href":"https:\/\/www.fundacio-stampfli.org\/fr\/wp-json\/wp\/v2\/types\/post"}],"author":[{"embeddable":true,"href":"https:\/\/www.fundacio-stampfli.org\/fr\/wp-json\/wp\/v2\/users\/3"}],"replies":[{"embeddable":true,"href":"https:\/\/www.fundacio-stampfli.org\/fr\/wp-json\/wp\/v2\/comments?post=2472"}],"version-history":[{"count":1,"href":"https:\/\/www.fundacio-stampfli.org\/fr\/wp-json\/wp\/v2\/posts\/2472\/revisions"}],"predecessor-version":[{"id":2473,"href":"https:\/\/www.fundacio-stampfli.org\/fr\/wp-json\/wp\/v2\/posts\/2472\/revisions\/2473"}],"wp:featuredmedia":[{"embeddable":true,"href":"https:\/\/www.fundacio-stampfli.org\/fr\/wp-json\/wp\/v2\/media\/2471"}],"wp:attachment":[{"href":"https:\/\/www.fundacio-stampfli.org\/fr\/wp-json\/wp\/v2\/media?parent=2472"}],"wp:term":[{"taxonomy":"category","embeddable":true,"href":"https:\/\/www.fundacio-stampfli.org\/fr\/wp-json\/wp\/v2\/categories?post=2472"},{"taxonomy":"post_tag","embeddable":true,"href":"https:\/\/www.fundacio-stampfli.org\/fr\/wp-json\/wp\/v2\/tags?post=2472"}],"curies":[{"name":"wp","href":"https:\/\/api.w.org\/{rel}","templated":true}]}}