{"id":2507,"date":"2026-03-14T18:33:03","date_gmt":"2026-03-14T17:33:03","guid":{"rendered":"https:\/\/www.fundacio-stampfli.org\/les-cendres-de-peter-stampfli-reposent-desormais-au-cimetiere-de-sant-sebastia\/"},"modified":"2026-03-26T16:55:10","modified_gmt":"2026-03-26T15:55:10","slug":"les-cendres-de-peter-stampfli-reposent-desormais-au-cimetiere-de-sant-sebastia","status":"publish","type":"post","link":"https:\/\/www.fundacio-stampfli.org\/fr\/les-cendres-de-peter-stampfli-reposent-desormais-au-cimetiere-de-sant-sebastia\/","title":{"rendered":"Les cendres de Peter St\u00e4mpfli reposent d\u00e9sormais au cimeti\u00e8re de Sant Sebasti\u00e0"},"content":{"rendered":"\n<p>Ce samedi 14 octobre, \u00e0 dix heures pr\u00e9cises du matin, sous un ciel gris et une pluie persistante, a eu lieu la c\u00e9r\u00e9monie d\u2019inhumation des cendres de Peter St\u00e4mpfli \u2014d\u00e9c\u00e9d\u00e9 le 19 janvier dernier \u00e0 Paris\u2014 au cimeti\u00e8re de Sant Sebasti\u00e0 de Sitges, dans la tombe qu\u2019il avait acquise il y a quelques ann\u00e9es. Il s\u2019agit d\u2019une tombe simple et fonctionnelle, recouverte d\u2019une plaque de fer noir entour\u00e9e de pierres du Garraf. <\/p>\n\n<figure class=\"wp-block-image size-large\"><img loading=\"lazy\" decoding=\"async\" width=\"1024\" height=\"1024\" src=\"https:\/\/www.fundacio-stampfli.org\/wp-content\/uploads\/2026\/03\/650345942_1351325113705739_6949924137829283101_n-1024x1024.webp\" alt=\"\" class=\"wp-image-2452\" srcset=\"https:\/\/www.fundacio-stampfli.org\/wp-content\/uploads\/2026\/03\/650345942_1351325113705739_6949924137829283101_n-1024x1024.webp 1024w, https:\/\/www.fundacio-stampfli.org\/wp-content\/uploads\/2026\/03\/650345942_1351325113705739_6949924137829283101_n-300x300.webp 300w, https:\/\/www.fundacio-stampfli.org\/wp-content\/uploads\/2026\/03\/650345942_1351325113705739_6949924137829283101_n-150x150.webp 150w, https:\/\/www.fundacio-stampfli.org\/wp-content\/uploads\/2026\/03\/650345942_1351325113705739_6949924137829283101_n-768x768.webp 768w, https:\/\/www.fundacio-stampfli.org\/wp-content\/uploads\/2026\/03\/650345942_1351325113705739_6949924137829283101_n.webp 1536w\" sizes=\"auto, (max-width: 1024px) 100vw, 1024px\" \/><\/figure>\n\n<p>La c\u00e9r\u00e9monie, simple et \u00e9mouvante, a r\u00e9uni la maire de Sitges, Aurora Carbonell ; le conseiller \u00e0 la Culture, Albert Oliver-Rod\u00e9s ; les conseill\u00e8res M\u00f2nica Gallardo et Rosa Tubau ; le directeur des Mus\u00e9es de Sitges, Txema Romero ; le pr\u00e9sident du Grup d\u2019Estudis Sitgetans, Jordi Mil\u00e0 ; le pr\u00e9sident du Cercle Art\u00edstic, Carles Arola ; le pr\u00e9sident de la Societat Recreativa El Retiro, Franchu N\u00fa\u00f1ez ; le pr\u00e9sident de la soci\u00e9t\u00e9 \u00e9ditrice de <em>L\u2019Eco de Sitges<\/em>, Santi Terraza ; ainsi que les membres de la Fundaci\u00f3 St\u00e4mpfli, Ferran Mart\u00ednez et Llu\u00eds Jou. Un bon nombre d\u2019habitants de Sitges, de voisins et d\u2019amis du couple St\u00e4mpfli \u00e9taient \u00e9galement pr\u00e9sents, dont une importante repr\u00e9sentation des employ\u00e9s des Mus\u00e9es de Sitges et des membres de la famille d\u2019Anna Maria St\u00e4mpfli Torell\u00f3, veuve de Pere.<\/p>\n\n<p>Au cours de la c\u00e9r\u00e9monie, br\u00e8ve et charg\u00e9e d\u2019\u00e9motion, l\u2019urne contenant les cendres \u2014arriv\u00e9e \u00e0 Sitges le 12 et conserv\u00e9e depuis lors au num\u00e9ro 16 du carrer d\u2019en Bosc\u2014 a \u00e9t\u00e9 d\u00e9pos\u00e9e pr\u00e8s de la tombe, sous le drapeau de Sitges. L\u2019acte a \u00e9t\u00e9 conduit par le secr\u00e9taire de la Fondation, Llu\u00eds Jou, qui a prononc\u00e9 les paroles suivantes :  <\/p>\n\n<blockquote class=\"wp-block-quote is-layout-flow wp-block-quote-is-layout-flow\">\n<p>Bon samedi \u00e0 tous. Et merci beaucoup d&rsquo;\u00eatre venus, surtout par cette journ\u00e9e grise et ce temps si parisien.  <\/p>\n\n\n\n<p>Aujourd&rsquo;hui, nous n&rsquo;ouvrons pas le jardin des remparts pour une collation apr\u00e8s la Sortida d&rsquo;Ofici ; nous n&rsquo;inaugurons pas non plus l&rsquo;Espai Culturel P\u00e8re St\u00e4mpfli pour le mettre \u00e0 disposition du Grup d&rsquo;Estudis Sitgetans ; nous ne hissons pas le drapeau de la Fondation sur l&rsquo;ancien Mercat del Peix pour inaugurer ses locaux ; nous n&rsquo;ouvrons pas les nouvelles salles de la grande maison de la Carrer d&rsquo;en Bosc ; nous n&rsquo;inaugurons aucune des expositions de ces quinze derni\u00e8res ann\u00e9es ; et nous n&rsquo;assistons \u00e0 aucune des f\u00eates que P\u00e8re et Anna organisent depuis plus de quarante ans. Aujourd&rsquo;hui, nous sommes r\u00e9unis au cimeti\u00e8re Sant Sebasti\u00e0, \u00e0 Sitges, pour dire adieu \u00e0 Peter St\u00e4mpfli. <\/p>\n\n\n\n<p>Et nous lui disons adieu, pr\u00e9cis\u00e9ment, en l&rsquo;accueillant parmi nous. Accueillir ses cendres, comme il le souhaitait, sous le ciel et au bord de la mer de Sitges. Ici, si pr\u00e8s de nos artistes : Urtillo, Canudes, Batlle, Jou, Sunyer, Sisquella, Grau ou \u00c1ngeles Santos. D\u00e9sormais, aussi, Pere St\u00e4mpfli.    <\/p>\n\n\n\n<p>Ici reposeront ses cendres, mais le t\u00e9moignage de son passage \u00e0 Sitges demeure Carrer d&rsquo;en Bosc, sur le mur et, surtout, dans les salles de la Fondation qu&rsquo;il a cr\u00e9\u00e9e avec Anna Maria pour nous faire vivre l&rsquo;art de son temps.<\/p>\n<\/blockquote>\n\n<figure class=\"wp-block-image size-large\"><img loading=\"lazy\" decoding=\"async\" width=\"576\" height=\"1024\" src=\"https:\/\/www.fundacio-stampfli.org\/wp-content\/uploads\/2026\/03\/WhatsApp-Image-2026-03-24-at-14.19.33-576x1024.webp\" alt=\"\" class=\"wp-image-2453\" srcset=\"https:\/\/www.fundacio-stampfli.org\/wp-content\/uploads\/2026\/03\/WhatsApp-Image-2026-03-24-at-14.19.33-576x1024.webp 576w, https:\/\/www.fundacio-stampfli.org\/wp-content\/uploads\/2026\/03\/WhatsApp-Image-2026-03-24-at-14.19.33-169x300.webp 169w, https:\/\/www.fundacio-stampfli.org\/wp-content\/uploads\/2026\/03\/WhatsApp-Image-2026-03-24-at-14.19.33-768x1365.webp 768w, https:\/\/www.fundacio-stampfli.org\/wp-content\/uploads\/2026\/03\/WhatsApp-Image-2026-03-24-at-14.19.33-864x1536.webp 864w, https:\/\/www.fundacio-stampfli.org\/wp-content\/uploads\/2026\/03\/WhatsApp-Image-2026-03-24-at-14.19.33.webp 1152w\" sizes=\"auto, (max-width: 576px) 100vw, 576px\" \/><\/figure>\n\n<p>David Jou a ensuite lu le po\u00e8me <em>En la mort de Pere St\u00e4mpfli<\/em>, \u00e9crit le 20 janvier et adapt\u00e9 pour la circonstance.<\/p>\n\n<blockquote class=\"wp-block-quote is-layout-flow wp-block-quote-is-layout-flow\">\n<p>Van comprar, van restaurar, van donar vida;<br\/>hi plantaren art, festa i acollida.<br\/>Pere, Anna Maria,<br\/>amfitrions generosos i benignes,<br\/>el carrer d\u2019en Bosch porta el vostre signe:<br\/>els dos grans escuts en ferro del carrer i de Sitges.<br\/>Per a un artista que ha treballat tant<br\/>l\u2019empremta del tr\u00e0nsit i de la fugida,<br\/>ara, en la mort, com segueix estant<br\/>present en els colors, en les geometries<br\/>del llegat que ens ha anat deixant.<br\/>Rastre i tr\u00e0nsit, quietud i energia!<br\/>Cendra, avui, per\u00f2 no pas oblit.<br\/>Cendra, encara, plena de sentit.<br\/>Cendra que ens invita al record de l\u2019alegria<br\/>que va ser crear, compartir, donar.<br\/>Cendra que ens vol acompanyar<br\/>des de prop de l\u2019obra que ens fa tanta companyia.<br\/>Benvinguda siguis a prop del nostre mar;<br\/>que per segles siguis una mem\u00f2ria viva.<\/p>\n<\/blockquote>\n\n<p>Apr\u00e8s la lecture, la maire Carbonell a remis l\u2019urne pour qu\u2019elle soit d\u00e9pos\u00e9e dans la tombe et a adress\u00e9 au public quelques mots de cl\u00f4ture.<\/p>\n\n<blockquote class=\"wp-block-quote is-layout-flow wp-block-quote-is-layout-flow\">\n<p>Je tiens tout d&rsquo;abord \u00e0 remercier Pere et Anna Maria St\u00e4mpfli d&rsquo;avoir choisi Sitges comme lieu de s\u00e9jour. Mais surtout, je remercie Pere St\u00e4mpfli d&rsquo;avoir choisi cette ville pour y reposer en paix. C&rsquo;est une grande fiert\u00e9 pour Sitges qu&rsquo;il repose dans ce cimeti\u00e8re. Rien que pour cela, nous leur sommes profond\u00e9ment reconnaissants.   <\/p>\n\n\n\n<p>Nous les remercions \u00e9galement de s&rsquo;\u00eatre si bien int\u00e9gr\u00e9s parmi nous, d&rsquo;avoir particip\u00e9 aux festivit\u00e9s, d&rsquo;avoir \u00e9chang\u00e9 avec les habitants, d&rsquo;avoir appris le catalan\u2026 Et plus encore, d&rsquo;avoir contribu\u00e9 \u00e0 la pr\u00e9servation du patrimoine architectural, notamment en restaurant une grande partie de la Carrer d&rsquo;en Bosc. Et d&rsquo;avoir soutenu de nombreuses initiatives et associations culturelles \u00e0 Sitges.  <\/p>\n\n\n\n<p>Tous deux ont invit\u00e9 de nombreux artistes internationaux \u00e0 venir \u00e0 Sitges, qui ont ainsi d\u00e9couvert notre ville et contribu\u00e9 \u00e0 la faire conna\u00eetre comme un lieu o\u00f9 l&rsquo;art est appr\u00e9ci\u00e9. Un lieu o\u00f9, gr\u00e2ce \u00e0 Pere et Anna Maria, nous poss\u00e9dons une belle collection d&rsquo;art contemporain de renomm\u00e9e internationale. \u00c0 Pere St\u00e4mpfli et \u00e0 Anna Maria Torell\u00f3, nous exprimons toute notre reconnaissance et notre gratitude.  <\/p>\n\n\n\n<p>Nous d\u00e9posons maintenant un joli bouquet d&rsquo;\u0153illets blancs et rouges, couleurs du drapeau de Sitges, en souvenir de ces \u0153illets qu&rsquo;il avait un jour lanc\u00e9s d&rsquo;un h\u00e9licopt\u00e8re \u2013 un \u0153illet pour chaque habitant de Sitges \u2013 pour participer \u00e0 l&rsquo;une de nos plus grandes f\u00eates. <\/p>\n\n\n\n<p>Merci, Pere. Repose en paix parmi nous. <\/p>\n<\/blockquote>\n\n<figure class=\"wp-block-image size-large\"><img loading=\"lazy\" decoding=\"async\" width=\"576\" height=\"1024\" src=\"https:\/\/www.fundacio-stampfli.org\/wp-content\/uploads\/2026\/03\/WhatsApp-Image-2026-03-24-at-14.19.32-1-576x1024.webp\" alt=\"\" class=\"wp-image-2455\" srcset=\"https:\/\/www.fundacio-stampfli.org\/wp-content\/uploads\/2026\/03\/WhatsApp-Image-2026-03-24-at-14.19.32-1-576x1024.webp 576w, https:\/\/www.fundacio-stampfli.org\/wp-content\/uploads\/2026\/03\/WhatsApp-Image-2026-03-24-at-14.19.32-1-169x300.webp 169w, https:\/\/www.fundacio-stampfli.org\/wp-content\/uploads\/2026\/03\/WhatsApp-Image-2026-03-24-at-14.19.32-1-768x1365.webp 768w, https:\/\/www.fundacio-stampfli.org\/wp-content\/uploads\/2026\/03\/WhatsApp-Image-2026-03-24-at-14.19.32-1-864x1536.webp 864w, https:\/\/www.fundacio-stampfli.org\/wp-content\/uploads\/2026\/03\/WhatsApp-Image-2026-03-24-at-14.19.32-1.webp 1152w\" sizes=\"auto, (max-width: 576px) 100vw, 576px\" \/><\/figure>\n\n<p>Apr\u00e8s la maire, des repr\u00e9sentants du Cercle Art\u00edstic, des Mus\u00e9es de Sitges, du Grup d\u2019Estudis Sitgetans, du Retiro, de L\u2019Eco de Sitges et de la Fundaci\u00f3 St\u00e4mpfli ont d\u00e9pos\u00e9 des \u0153illets, ainsi que de nombreux participants. La mairie avait pr\u00e9vu des \u0153illets pr\u00e8s de la tombe afin que chacun puisse rendre hommage \u00e0 l\u2019artiste disparu. <\/p>\n\n<p>La Fundaci\u00f3 St\u00e4mpfli a \u00e9dit\u00e9 un souvenir de la c\u00e9r\u00e9monie dans lequel, outre rappeler qu\u2019il \u00e9tait Fils Adoptif de Sitges et Chevalier de l\u2019Ordre des Arts et des Lettres, figure la reproduction d\u2019Autoretrat amb gavardina. L\u2019\u0153uvre, cr\u00e9\u00e9e en 1963 par Peter St\u00e4mpfli, montre un personnage en autoportrait, v\u00eatu d\u2019un pantalon et d\u2019un imperm\u00e9able noirs, tournant le dos au spectateur et semblant quitter la sc\u00e8ne. Une belle m\u00e9taphore pour clore son adieu.  <\/p>\n","protected":false},"excerpt":{"rendered":"<p>Ce samedi 14 octobre, \u00e0 dix heures pr\u00e9cises du matin, sous un ciel gris et une pluie persistante, a eu lieu la c\u00e9r\u00e9monie d\u2019inhumation des cendres de Peter St\u00e4mpfli \u2014d\u00e9c\u00e9d\u00e9 le 19 janvier dernier \u00e0 Paris\u2014 au cimeti\u00e8re de Sant Sebasti\u00e0 de Sitges, dans la tombe qu\u2019il avait acquise il y a quelques ann\u00e9es. Il&#8230;<\/p>\n","protected":false},"author":3,"featured_media":2506,"comment_status":"open","ping_status":"closed","sticky":false,"template":"","format":"standard","meta":{"_acf_changed":false,"inline_featured_image":false,"_kad_blocks_custom_css":"","_kad_blocks_head_custom_js":"","_kad_blocks_body_custom_js":"","_kad_blocks_footer_custom_js":"","_kad_post_transparent":"","_kad_post_title":"","_kad_post_layout":"","_kad_post_sidebar_id":"","_kad_post_content_style":"","_kad_post_vertical_padding":"","_kad_post_feature":"","_kad_post_feature_position":"","_kad_post_header":false,"_kad_post_footer":false,"_kad_post_classname":"","footnotes":""},"categories":[15],"tags":[],"class_list":["post-2507","post","type-post","status-publish","format-standard","has-post-thumbnail","hentry","category-news"],"acf":[],"yoast_head":"<!-- This site is optimized with the Yoast SEO plugin v26.8 - https:\/\/yoast.com\/product\/yoast-seo-wordpress\/ -->\n<title>Les cendres de Peter St\u00e4mpfli reposent d\u00e9sormais au cimeti\u00e8re de Sant Sebasti\u00e0 - Fundaci\u00f3 St\u00e4mpfli<\/title>\n<meta name=\"robots\" content=\"index, follow, max-snippet:-1, max-image-preview:large, max-video-preview:-1\" \/>\n<link rel=\"canonical\" href=\"https:\/\/www.fundacio-stampfli.org\/fr\/les-cendres-de-peter-stampfli-reposent-desormais-au-cimetiere-de-sant-sebastia\/\" \/>\n<meta property=\"og:locale\" content=\"fr_FR\" \/>\n<meta property=\"og:type\" content=\"article\" \/>\n<meta property=\"og:title\" content=\"Les cendres de Peter St\u00e4mpfli reposent d\u00e9sormais au cimeti\u00e8re de Sant Sebasti\u00e0 - Fundaci\u00f3 St\u00e4mpfli\" \/>\n<meta property=\"og:description\" content=\"Ce samedi 14 octobre, \u00e0 dix heures pr\u00e9cises du matin, sous un ciel gris et une pluie persistante, a eu lieu la c\u00e9r\u00e9monie d\u2019inhumation des cendres de Peter St\u00e4mpfli \u2014d\u00e9c\u00e9d\u00e9 le 19 janvier dernier \u00e0 Paris\u2014 au cimeti\u00e8re de Sant Sebasti\u00e0 de Sitges, dans la tombe qu\u2019il avait acquise il y a quelques ann\u00e9es. Il...\" \/>\n<meta property=\"og:url\" content=\"https:\/\/www.fundacio-stampfli.org\/fr\/les-cendres-de-peter-stampfli-reposent-desormais-au-cimetiere-de-sant-sebastia\/\" \/>\n<meta property=\"og:site_name\" content=\"Fundaci\u00f3 St\u00e4mpfli\" \/>\n<meta property=\"article:published_time\" content=\"2026-03-14T17:33:03+00:00\" \/>\n<meta property=\"article:modified_time\" content=\"2026-03-26T15:55:10+00:00\" \/>\n<meta property=\"og:image\" content=\"https:\/\/www.fundacio-stampfli.org\/wp-content\/uploads\/2026\/03\/WhatsApp-Image-2026-03-23-at-14.29.58.webp\" \/>\n\t<meta property=\"og:image:width\" content=\"1152\" \/>\n\t<meta property=\"og:image:height\" content=\"2048\" \/>\n\t<meta property=\"og:image:type\" content=\"image\/webp\" \/>\n<meta name=\"author\" content=\"tresquatretres\" \/>\n<meta name=\"twitter:card\" content=\"summary_large_image\" \/>\n<meta name=\"twitter:label1\" content=\"\u00c9crit par\" \/>\n\t<meta name=\"twitter:data1\" content=\"tresquatretres\" \/>\n\t<meta name=\"twitter:label2\" content=\"Dur\u00e9e de lecture estim\u00e9e\" \/>\n\t<meta name=\"twitter:data2\" content=\"6 minutes\" \/>\n<script type=\"application\/ld+json\" class=\"yoast-schema-graph\">{\"@context\":\"https:\/\/schema.org\",\"@graph\":[{\"@type\":\"Article\",\"@id\":\"https:\/\/www.fundacio-stampfli.org\/fr\/les-cendres-de-peter-stampfli-reposent-desormais-au-cimetiere-de-sant-sebastia\/#article\",\"isPartOf\":{\"@id\":\"https:\/\/www.fundacio-stampfli.org\/fr\/les-cendres-de-peter-stampfli-reposent-desormais-au-cimetiere-de-sant-sebastia\/\"},\"author\":{\"name\":\"tresquatretres\",\"@id\":\"https:\/\/www.fundacio-stampfli.org\/fr\/#\/schema\/person\/6e07afa5b6c3c18af6be8b697965053a\"},\"headline\":\"Les cendres de Peter St\u00e4mpfli reposent d\u00e9sormais au cimeti\u00e8re de Sant Sebasti\u00e0\",\"datePublished\":\"2026-03-14T17:33:03+00:00\",\"dateModified\":\"2026-03-26T15:55:10+00:00\",\"mainEntityOfPage\":{\"@id\":\"https:\/\/www.fundacio-stampfli.org\/fr\/les-cendres-de-peter-stampfli-reposent-desormais-au-cimetiere-de-sant-sebastia\/\"},\"wordCount\":1162,\"commentCount\":0,\"publisher\":{\"@id\":\"https:\/\/www.fundacio-stampfli.org\/fr\/#organization\"},\"image\":{\"@id\":\"https:\/\/www.fundacio-stampfli.org\/fr\/les-cendres-de-peter-stampfli-reposent-desormais-au-cimetiere-de-sant-sebastia\/#primaryimage\"},\"thumbnailUrl\":\"https:\/\/www.fundacio-stampfli.org\/wp-content\/uploads\/2026\/03\/WhatsApp-Image-2026-03-23-at-14.29.58.webp\",\"articleSection\":[\"News\"],\"inLanguage\":\"fr-FR\",\"potentialAction\":[{\"@type\":\"CommentAction\",\"name\":\"Comment\",\"target\":[\"https:\/\/www.fundacio-stampfli.org\/fr\/les-cendres-de-peter-stampfli-reposent-desormais-au-cimetiere-de-sant-sebastia\/#respond\"]}]},{\"@type\":\"WebPage\",\"@id\":\"https:\/\/www.fundacio-stampfli.org\/fr\/les-cendres-de-peter-stampfli-reposent-desormais-au-cimetiere-de-sant-sebastia\/\",\"url\":\"https:\/\/www.fundacio-stampfli.org\/fr\/les-cendres-de-peter-stampfli-reposent-desormais-au-cimetiere-de-sant-sebastia\/\",\"name\":\"Les cendres de Peter St\u00e4mpfli reposent d\u00e9sormais au cimeti\u00e8re de Sant Sebasti\u00e0 - Fundaci\u00f3 St\u00e4mpfli\",\"isPartOf\":{\"@id\":\"https:\/\/www.fundacio-stampfli.org\/fr\/#website\"},\"primaryImageOfPage\":{\"@id\":\"https:\/\/www.fundacio-stampfli.org\/fr\/les-cendres-de-peter-stampfli-reposent-desormais-au-cimetiere-de-sant-sebastia\/#primaryimage\"},\"image\":{\"@id\":\"https:\/\/www.fundacio-stampfli.org\/fr\/les-cendres-de-peter-stampfli-reposent-desormais-au-cimetiere-de-sant-sebastia\/#primaryimage\"},\"thumbnailUrl\":\"https:\/\/www.fundacio-stampfli.org\/wp-content\/uploads\/2026\/03\/WhatsApp-Image-2026-03-23-at-14.29.58.webp\",\"datePublished\":\"2026-03-14T17:33:03+00:00\",\"dateModified\":\"2026-03-26T15:55:10+00:00\",\"breadcrumb\":{\"@id\":\"https:\/\/www.fundacio-stampfli.org\/fr\/les-cendres-de-peter-stampfli-reposent-desormais-au-cimetiere-de-sant-sebastia\/#breadcrumb\"},\"inLanguage\":\"fr-FR\",\"potentialAction\":[{\"@type\":\"ReadAction\",\"target\":[\"https:\/\/www.fundacio-stampfli.org\/fr\/les-cendres-de-peter-stampfli-reposent-desormais-au-cimetiere-de-sant-sebastia\/\"]}]},{\"@type\":\"ImageObject\",\"inLanguage\":\"fr-FR\",\"@id\":\"https:\/\/www.fundacio-stampfli.org\/fr\/les-cendres-de-peter-stampfli-reposent-desormais-au-cimetiere-de-sant-sebastia\/#primaryimage\",\"url\":\"https:\/\/www.fundacio-stampfli.org\/wp-content\/uploads\/2026\/03\/WhatsApp-Image-2026-03-23-at-14.29.58.webp\",\"contentUrl\":\"https:\/\/www.fundacio-stampfli.org\/wp-content\/uploads\/2026\/03\/WhatsApp-Image-2026-03-23-at-14.29.58.webp\",\"width\":1152,\"height\":2048},{\"@type\":\"BreadcrumbList\",\"@id\":\"https:\/\/www.fundacio-stampfli.org\/fr\/les-cendres-de-peter-stampfli-reposent-desormais-au-cimetiere-de-sant-sebastia\/#breadcrumb\",\"itemListElement\":[{\"@type\":\"ListItem\",\"position\":1,\"name\":\"Inici\",\"item\":\"https:\/\/www.fundacio-stampfli.org\/fr\/\"},{\"@type\":\"ListItem\",\"position\":2,\"name\":\"Les cendres de Peter St\u00e4mpfli reposent d\u00e9sormais au cimeti\u00e8re de Sant Sebasti\u00e0\"}]},{\"@type\":\"WebSite\",\"@id\":\"https:\/\/www.fundacio-stampfli.org\/fr\/#website\",\"url\":\"https:\/\/www.fundacio-stampfli.org\/fr\/\",\"name\":\"Fundaci\u00f3 St\u00e4mpfli\",\"description\":\"\",\"publisher\":{\"@id\":\"https:\/\/www.fundacio-stampfli.org\/fr\/#organization\"},\"potentialAction\":[{\"@type\":\"SearchAction\",\"target\":{\"@type\":\"EntryPoint\",\"urlTemplate\":\"https:\/\/www.fundacio-stampfli.org\/fr\/?s={search_term_string}\"},\"query-input\":{\"@type\":\"PropertyValueSpecification\",\"valueRequired\":true,\"valueName\":\"search_term_string\"}}],\"inLanguage\":\"fr-FR\"},{\"@type\":\"Organization\",\"@id\":\"https:\/\/www.fundacio-stampfli.org\/fr\/#organization\",\"name\":\"Fundaci\u00f3 St\u00e4mpfli\",\"url\":\"https:\/\/www.fundacio-stampfli.org\/fr\/\",\"logo\":{\"@type\":\"ImageObject\",\"inLanguage\":\"fr-FR\",\"@id\":\"https:\/\/www.fundacio-stampfli.org\/fr\/#\/schema\/logo\/image\/\",\"url\":\"https:\/\/www.fundacio-stampfli.org\/wp-content\/uploads\/2025\/07\/logo_fondo.svg\",\"contentUrl\":\"https:\/\/www.fundacio-stampfli.org\/wp-content\/uploads\/2025\/07\/logo_fondo.svg\",\"width\":100,\"height\":100,\"caption\":\"Fundaci\u00f3 St\u00e4mpfli\"},\"image\":{\"@id\":\"https:\/\/www.fundacio-stampfli.org\/fr\/#\/schema\/logo\/image\/\"}},{\"@type\":\"Person\",\"@id\":\"https:\/\/www.fundacio-stampfli.org\/fr\/#\/schema\/person\/6e07afa5b6c3c18af6be8b697965053a\",\"name\":\"tresquatretres\",\"image\":{\"@type\":\"ImageObject\",\"inLanguage\":\"fr-FR\",\"@id\":\"https:\/\/www.fundacio-stampfli.org\/fr\/#\/schema\/person\/image\/\",\"url\":\"https:\/\/secure.gravatar.com\/avatar\/d51d267985a1c7a6769ecf6e7b1beb74ff442f742dc982d57a2c8bd2d87d3147?s=96&d=mm&r=g\",\"contentUrl\":\"https:\/\/secure.gravatar.com\/avatar\/d51d267985a1c7a6769ecf6e7b1beb74ff442f742dc982d57a2c8bd2d87d3147?s=96&d=mm&r=g\",\"caption\":\"tresquatretres\"},\"url\":\"https:\/\/www.fundacio-stampfli.org\/fr\/author\/tresquatretres\/\"}]}<\/script>\n<!-- \/ Yoast SEO plugin. -->","yoast_head_json":{"title":"Les cendres de Peter St\u00e4mpfli reposent d\u00e9sormais au cimeti\u00e8re de Sant Sebasti\u00e0 - Fundaci\u00f3 St\u00e4mpfli","robots":{"index":"index","follow":"follow","max-snippet":"max-snippet:-1","max-image-preview":"max-image-preview:large","max-video-preview":"max-video-preview:-1"},"canonical":"https:\/\/www.fundacio-stampfli.org\/fr\/les-cendres-de-peter-stampfli-reposent-desormais-au-cimetiere-de-sant-sebastia\/","og_locale":"fr_FR","og_type":"article","og_title":"Les cendres de Peter St\u00e4mpfli reposent d\u00e9sormais au cimeti\u00e8re de Sant Sebasti\u00e0 - Fundaci\u00f3 St\u00e4mpfli","og_description":"Ce samedi 14 octobre, \u00e0 dix heures pr\u00e9cises du matin, sous un ciel gris et une pluie persistante, a eu lieu la c\u00e9r\u00e9monie d\u2019inhumation des cendres de Peter St\u00e4mpfli \u2014d\u00e9c\u00e9d\u00e9 le 19 janvier dernier \u00e0 Paris\u2014 au cimeti\u00e8re de Sant Sebasti\u00e0 de Sitges, dans la tombe qu\u2019il avait acquise il y a quelques ann\u00e9es. Il...","og_url":"https:\/\/www.fundacio-stampfli.org\/fr\/les-cendres-de-peter-stampfli-reposent-desormais-au-cimetiere-de-sant-sebastia\/","og_site_name":"Fundaci\u00f3 St\u00e4mpfli","article_published_time":"2026-03-14T17:33:03+00:00","article_modified_time":"2026-03-26T15:55:10+00:00","og_image":[{"width":1152,"height":2048,"url":"https:\/\/www.fundacio-stampfli.org\/wp-content\/uploads\/2026\/03\/WhatsApp-Image-2026-03-23-at-14.29.58.webp","type":"image\/webp"}],"author":"tresquatretres","twitter_card":"summary_large_image","twitter_misc":{"\u00c9crit par":"tresquatretres","Dur\u00e9e de lecture estim\u00e9e":"6 minutes"},"schema":{"@context":"https:\/\/schema.org","@graph":[{"@type":"Article","@id":"https:\/\/www.fundacio-stampfli.org\/fr\/les-cendres-de-peter-stampfli-reposent-desormais-au-cimetiere-de-sant-sebastia\/#article","isPartOf":{"@id":"https:\/\/www.fundacio-stampfli.org\/fr\/les-cendres-de-peter-stampfli-reposent-desormais-au-cimetiere-de-sant-sebastia\/"},"author":{"name":"tresquatretres","@id":"https:\/\/www.fundacio-stampfli.org\/fr\/#\/schema\/person\/6e07afa5b6c3c18af6be8b697965053a"},"headline":"Les cendres de Peter St\u00e4mpfli reposent d\u00e9sormais au cimeti\u00e8re de Sant Sebasti\u00e0","datePublished":"2026-03-14T17:33:03+00:00","dateModified":"2026-03-26T15:55:10+00:00","mainEntityOfPage":{"@id":"https:\/\/www.fundacio-stampfli.org\/fr\/les-cendres-de-peter-stampfli-reposent-desormais-au-cimetiere-de-sant-sebastia\/"},"wordCount":1162,"commentCount":0,"publisher":{"@id":"https:\/\/www.fundacio-stampfli.org\/fr\/#organization"},"image":{"@id":"https:\/\/www.fundacio-stampfli.org\/fr\/les-cendres-de-peter-stampfli-reposent-desormais-au-cimetiere-de-sant-sebastia\/#primaryimage"},"thumbnailUrl":"https:\/\/www.fundacio-stampfli.org\/wp-content\/uploads\/2026\/03\/WhatsApp-Image-2026-03-23-at-14.29.58.webp","articleSection":["News"],"inLanguage":"fr-FR","potentialAction":[{"@type":"CommentAction","name":"Comment","target":["https:\/\/www.fundacio-stampfli.org\/fr\/les-cendres-de-peter-stampfli-reposent-desormais-au-cimetiere-de-sant-sebastia\/#respond"]}]},{"@type":"WebPage","@id":"https:\/\/www.fundacio-stampfli.org\/fr\/les-cendres-de-peter-stampfli-reposent-desormais-au-cimetiere-de-sant-sebastia\/","url":"https:\/\/www.fundacio-stampfli.org\/fr\/les-cendres-de-peter-stampfli-reposent-desormais-au-cimetiere-de-sant-sebastia\/","name":"Les cendres de Peter St\u00e4mpfli reposent d\u00e9sormais au cimeti\u00e8re de Sant Sebasti\u00e0 - Fundaci\u00f3 St\u00e4mpfli","isPartOf":{"@id":"https:\/\/www.fundacio-stampfli.org\/fr\/#website"},"primaryImageOfPage":{"@id":"https:\/\/www.fundacio-stampfli.org\/fr\/les-cendres-de-peter-stampfli-reposent-desormais-au-cimetiere-de-sant-sebastia\/#primaryimage"},"image":{"@id":"https:\/\/www.fundacio-stampfli.org\/fr\/les-cendres-de-peter-stampfli-reposent-desormais-au-cimetiere-de-sant-sebastia\/#primaryimage"},"thumbnailUrl":"https:\/\/www.fundacio-stampfli.org\/wp-content\/uploads\/2026\/03\/WhatsApp-Image-2026-03-23-at-14.29.58.webp","datePublished":"2026-03-14T17:33:03+00:00","dateModified":"2026-03-26T15:55:10+00:00","breadcrumb":{"@id":"https:\/\/www.fundacio-stampfli.org\/fr\/les-cendres-de-peter-stampfli-reposent-desormais-au-cimetiere-de-sant-sebastia\/#breadcrumb"},"inLanguage":"fr-FR","potentialAction":[{"@type":"ReadAction","target":["https:\/\/www.fundacio-stampfli.org\/fr\/les-cendres-de-peter-stampfli-reposent-desormais-au-cimetiere-de-sant-sebastia\/"]}]},{"@type":"ImageObject","inLanguage":"fr-FR","@id":"https:\/\/www.fundacio-stampfli.org\/fr\/les-cendres-de-peter-stampfli-reposent-desormais-au-cimetiere-de-sant-sebastia\/#primaryimage","url":"https:\/\/www.fundacio-stampfli.org\/wp-content\/uploads\/2026\/03\/WhatsApp-Image-2026-03-23-at-14.29.58.webp","contentUrl":"https:\/\/www.fundacio-stampfli.org\/wp-content\/uploads\/2026\/03\/WhatsApp-Image-2026-03-23-at-14.29.58.webp","width":1152,"height":2048},{"@type":"BreadcrumbList","@id":"https:\/\/www.fundacio-stampfli.org\/fr\/les-cendres-de-peter-stampfli-reposent-desormais-au-cimetiere-de-sant-sebastia\/#breadcrumb","itemListElement":[{"@type":"ListItem","position":1,"name":"Inici","item":"https:\/\/www.fundacio-stampfli.org\/fr\/"},{"@type":"ListItem","position":2,"name":"Les cendres de Peter St\u00e4mpfli reposent d\u00e9sormais au cimeti\u00e8re de Sant Sebasti\u00e0"}]},{"@type":"WebSite","@id":"https:\/\/www.fundacio-stampfli.org\/fr\/#website","url":"https:\/\/www.fundacio-stampfli.org\/fr\/","name":"Fundaci\u00f3 St\u00e4mpfli","description":"","publisher":{"@id":"https:\/\/www.fundacio-stampfli.org\/fr\/#organization"},"potentialAction":[{"@type":"SearchAction","target":{"@type":"EntryPoint","urlTemplate":"https:\/\/www.fundacio-stampfli.org\/fr\/?s={search_term_string}"},"query-input":{"@type":"PropertyValueSpecification","valueRequired":true,"valueName":"search_term_string"}}],"inLanguage":"fr-FR"},{"@type":"Organization","@id":"https:\/\/www.fundacio-stampfli.org\/fr\/#organization","name":"Fundaci\u00f3 St\u00e4mpfli","url":"https:\/\/www.fundacio-stampfli.org\/fr\/","logo":{"@type":"ImageObject","inLanguage":"fr-FR","@id":"https:\/\/www.fundacio-stampfli.org\/fr\/#\/schema\/logo\/image\/","url":"https:\/\/www.fundacio-stampfli.org\/wp-content\/uploads\/2025\/07\/logo_fondo.svg","contentUrl":"https:\/\/www.fundacio-stampfli.org\/wp-content\/uploads\/2025\/07\/logo_fondo.svg","width":100,"height":100,"caption":"Fundaci\u00f3 St\u00e4mpfli"},"image":{"@id":"https:\/\/www.fundacio-stampfli.org\/fr\/#\/schema\/logo\/image\/"}},{"@type":"Person","@id":"https:\/\/www.fundacio-stampfli.org\/fr\/#\/schema\/person\/6e07afa5b6c3c18af6be8b697965053a","name":"tresquatretres","image":{"@type":"ImageObject","inLanguage":"fr-FR","@id":"https:\/\/www.fundacio-stampfli.org\/fr\/#\/schema\/person\/image\/","url":"https:\/\/secure.gravatar.com\/avatar\/d51d267985a1c7a6769ecf6e7b1beb74ff442f742dc982d57a2c8bd2d87d3147?s=96&d=mm&r=g","contentUrl":"https:\/\/secure.gravatar.com\/avatar\/d51d267985a1c7a6769ecf6e7b1beb74ff442f742dc982d57a2c8bd2d87d3147?s=96&d=mm&r=g","caption":"tresquatretres"},"url":"https:\/\/www.fundacio-stampfli.org\/fr\/author\/tresquatretres\/"}]}},"taxonomy_info":{"category":[{"value":15,"label":"News"}]},"featured_image_src_large":["https:\/\/www.fundacio-stampfli.org\/wp-content\/uploads\/2026\/03\/WhatsApp-Image-2026-03-23-at-14.29.58-576x1024.webp",576,1024,true],"author_info":{"display_name":"tresquatretres","author_link":"https:\/\/www.fundacio-stampfli.org\/fr\/author\/tresquatretres\/"},"comment_info":0,"category_info":[{"term_id":15,"name":"News","slug":"news","term_group":0,"term_taxonomy_id":15,"taxonomy":"category","description":"","parent":0,"count":9,"filter":"raw","cat_ID":15,"category_count":9,"category_description":"","cat_name":"News","category_nicename":"news","category_parent":0}],"tag_info":false,"_links":{"self":[{"href":"https:\/\/www.fundacio-stampfli.org\/fr\/wp-json\/wp\/v2\/posts\/2507","targetHints":{"allow":["GET"]}}],"collection":[{"href":"https:\/\/www.fundacio-stampfli.org\/fr\/wp-json\/wp\/v2\/posts"}],"about":[{"href":"https:\/\/www.fundacio-stampfli.org\/fr\/wp-json\/wp\/v2\/types\/post"}],"author":[{"embeddable":true,"href":"https:\/\/www.fundacio-stampfli.org\/fr\/wp-json\/wp\/v2\/users\/3"}],"replies":[{"embeddable":true,"href":"https:\/\/www.fundacio-stampfli.org\/fr\/wp-json\/wp\/v2\/comments?post=2507"}],"version-history":[{"count":1,"href":"https:\/\/www.fundacio-stampfli.org\/fr\/wp-json\/wp\/v2\/posts\/2507\/revisions"}],"predecessor-version":[{"id":2508,"href":"https:\/\/www.fundacio-stampfli.org\/fr\/wp-json\/wp\/v2\/posts\/2507\/revisions\/2508"}],"wp:featuredmedia":[{"embeddable":true,"href":"https:\/\/www.fundacio-stampfli.org\/fr\/wp-json\/wp\/v2\/media\/2506"}],"wp:attachment":[{"href":"https:\/\/www.fundacio-stampfli.org\/fr\/wp-json\/wp\/v2\/media?parent=2507"}],"wp:term":[{"taxonomy":"category","embeddable":true,"href":"https:\/\/www.fundacio-stampfli.org\/fr\/wp-json\/wp\/v2\/categories?post=2507"},{"taxonomy":"post_tag","embeddable":true,"href":"https:\/\/www.fundacio-stampfli.org\/fr\/wp-json\/wp\/v2\/tags?post=2507"}],"curies":[{"name":"wp","href":"https:\/\/api.w.org\/{rel}","templated":true}]}}